{"id":4710,"date":"2025-10-24T15:10:49","date_gmt":"2025-10-24T15:10:49","guid":{"rendered":"https:\/\/www.andex-rhp.org\/?p=4710"},"modified":"2025-10-24T18:06:58","modified_gmt":"2025-10-24T18:06:58","slug":"reunion-anual-andex-2025-en-mendoza-argentina","status":"publish","type":"post","link":"https:\/\/www.andex-rhp.org\/?p=4710","title":{"rendered":"Reuni\u00f3n Anual ANDEX 2025 en Mendoza, Argentina"},"content":{"rendered":"\n<p>Del 13 al 18 de octubre, la ciudad de&nbsp;<strong>Mendoza (Argentina)<\/strong>&nbsp;fue sede de la&nbsp;<a href=\"https:\/\/www.gewexevents.org\/meetings\/2025andex\/\"><strong>Reuni\u00f3n Anual ANDEX 2025<\/strong><\/a>, un encuentro clave para fortalecer la colaboraci\u00f3n cient\u00edfica entre los pa\u00edses andinos y la regi\u00f3n en general.<\/p>\n\n\n\n<blockquote class=\"wp-block-quote is-layout-flow wp-block-quote-is-layout-flow\">\n<p>El evento, realizado en el&nbsp;<strong>Centro Cient\u00edfico y Tecnol\u00f3gico (CCT) del CONICET en Mendoza<\/strong>, reuni\u00f3 a m\u00e1s de <strong>100 participantes<\/strong>&nbsp;entre cient\u00edficos, estudiantes, profesionales y representantes institucionales. Los asistentes, provenientes de&nbsp;<strong>Argentina, Chile, Bolivia, Per\u00fa, Ecuador, Colombia, Brasil, Paraguay, Francia, Estados Unidos y Nueva Zelanda<\/strong>, compartieron avances recientes y definieron prioridades de trabajo para los pr\u00f3ximos a\u00f1os en temas vinculados al&nbsp;<strong>clima, los recursos h\u00eddricos, la cri\u00f3sfera, los ecosistemas y las sociedades andinas<\/strong>.<\/p>\n<\/blockquote>\n\n\n\n<p>Uno de los principales hitos del encuentro fue la presentaci\u00f3n del&nbsp;<a href=\"https:\/\/drive.google.com\/drive\/folders\/1unCcO2vVlldZnU_IvJKvWspiOheYQ3Px?usp=sharing\"><strong>Plan Cient\u00edfico y de Implementaci\u00f3n de ANDEX<\/strong><\/a>, aprobado en 2025 por el&nbsp;<strong>GEWEX Hydroclimatology Panel (GHP)<\/strong>, y ahora disponible en espa\u00f1ol e ingl\u00e9s. Tambi\u00e9n se present\u00f3 el&nbsp;<a href=\"https:\/\/drive.google.com\/file\/d\/1GKXERrjxzkuSwRM0OkP1e98wAqV-fUpy\/view?usp=sharing\"><strong>Primer Compendio de Lecturas de ANDEX<\/strong><\/a>, trabajo que re\u00fane los avances cient\u00edficos m\u00e1s recientes sobre los Andes. Adem\u00e1s, se realizaron presentaciones orales que mostraron los progresos de proyectos de ANDEX y otras iniciativas colaborativas.<\/p>\n\n\n\n<p>La participaci\u00f3n de\u00a0<strong>j\u00f3venes investigadores y profesionales<\/strong>\u00a0fue especialmente destacada en la\u00a0<strong>Segunda Sesi\u00f3n de P\u00f3sters de JovenANDEX<\/strong>, con\u00a0<a href=\"https:\/\/drive.google.com\/drive\/folders\/1GW25Ju8eY41WtBDwdandEGPQULBFnV5I?usp=sharing\"><strong>49 trabajos<\/strong><\/a>\u00a0expuestos en los pasillos del CCT CONICET Mendoza. Durante la semana, y en el marco del proyecto <strong>ANDEX-Academia<\/strong>, tambi\u00e9n se llevaron a cabo\u00a0<strong>talleres tem\u00e1ticos <\/strong>liderados por especialistas de ANDEX y que trataron temas de Glaciolog\u00eda Andina, Hidrolog\u00eda de Monta\u00f1a, Modelado Clim\u00e1tico, Paleoclima andino, y Vulnerabilidad y Adaptaci\u00f3n al Cambio Clim\u00e1tico. El proyecto <strong>RIfS (Regional Information for Society)<\/strong> del WCRP tambi\u00e9n realiz\u00f3 una actividad participativa con los asistentes del evento.\u00a0<\/p>\n\n\n<div class=\"wp-block-image\">\n<figure class=\"aligncenter size-large\"><img fetchpriority=\"high\" decoding=\"async\" width=\"1024\" height=\"1024\" src=\"https:\/\/www.andex-rhp.org\/wp-content\/uploads\/2025\/10\/WhatsApp-Image-2025-10-24-at-10.28.08-1024x1024.jpeg\" alt=\"\" class=\"wp-image-4718\" srcset=\"https:\/\/www.andex-rhp.org\/wp-content\/uploads\/2025\/10\/WhatsApp-Image-2025-10-24-at-10.28.08-1024x1024.jpeg 1024w, https:\/\/www.andex-rhp.org\/wp-content\/uploads\/2025\/10\/WhatsApp-Image-2025-10-24-at-10.28.08-300x300.jpeg 300w, https:\/\/www.andex-rhp.org\/wp-content\/uploads\/2025\/10\/WhatsApp-Image-2025-10-24-at-10.28.08-150x150.jpeg 150w, https:\/\/www.andex-rhp.org\/wp-content\/uploads\/2025\/10\/WhatsApp-Image-2025-10-24-at-10.28.08-768x768.jpeg 768w, https:\/\/www.andex-rhp.org\/wp-content\/uploads\/2025\/10\/WhatsApp-Image-2025-10-24-at-10.28.08-600x600.jpeg 600w, https:\/\/www.andex-rhp.org\/wp-content\/uploads\/2025\/10\/WhatsApp-Image-2025-10-24-at-10.28.08.jpeg 1280w\" sizes=\"(max-width: 1024px) 100vw, 1024px\" \/><\/figure>\n<\/div>\n\n\n<figure class=\"wp-block-image size-large\"><img decoding=\"async\" width=\"1024\" height=\"1024\" src=\"https:\/\/www.andex-rhp.org\/wp-content\/uploads\/2025\/10\/WhatsApp-Image-2025-10-23-at-17.44.51-1-1024x1024.jpeg\" alt=\"Segunda Sesi\u00f3n de P\u00f3sters Joven-ANDEX 2025\" class=\"wp-image-4715\" srcset=\"https:\/\/www.andex-rhp.org\/wp-content\/uploads\/2025\/10\/WhatsApp-Image-2025-10-23-at-17.44.51-1-1024x1024.jpeg 1024w, https:\/\/www.andex-rhp.org\/wp-content\/uploads\/2025\/10\/WhatsApp-Image-2025-10-23-at-17.44.51-1-300x300.jpeg 300w, https:\/\/www.andex-rhp.org\/wp-content\/uploads\/2025\/10\/WhatsApp-Image-2025-10-23-at-17.44.51-1-150x150.jpeg 150w, https:\/\/www.andex-rhp.org\/wp-content\/uploads\/2025\/10\/WhatsApp-Image-2025-10-23-at-17.44.51-1-768x768.jpeg 768w, https:\/\/www.andex-rhp.org\/wp-content\/uploads\/2025\/10\/WhatsApp-Image-2025-10-23-at-17.44.51-1-1536x1536.jpeg 1536w, https:\/\/www.andex-rhp.org\/wp-content\/uploads\/2025\/10\/WhatsApp-Image-2025-10-23-at-17.44.51-1-600x600.jpeg 600w, https:\/\/www.andex-rhp.org\/wp-content\/uploads\/2025\/10\/WhatsApp-Image-2025-10-23-at-17.44.51-1.jpeg 1600w\" sizes=\"(max-width: 1024px) 100vw, 1024px\" \/><figcaption class=\"wp-element-caption\">Segunda Sesi\u00f3n de P\u00f3sters Joven-ANDEX 2025<\/figcaption><\/figure>\n\n\n\n<p>Durante el acto de bienvenida se realiz\u00f3 una <strong>muestra de fotograf\u00edas de glaciares y pinturas de los Andes<\/strong> que tuvo como contexto el <strong>A\u00f1o Internacional de la Preservaci\u00f3n de los Glaciares<\/strong> declarado por la <strong>UNESCO y la Organizaci\u00f3n Meteorol\u00f3gica Mundial (OMM).&nbsp;<\/strong><\/p>\n\n\n\n<p>El \u00e9xito de esta nueva reuni\u00f3n anual de ANDEX fue posible gracias al compromiso y dedicaci\u00f3n del&nbsp;<strong>comit\u00e9 organizador local<\/strong>, que trabaj\u00f3 durante meses con eficiencia y entusiasmo, as\u00ed como al apoyo de diversas instituciones y proyectos asociados, entre ellos el <strong>CCT CONICET Mendoza<\/strong> junto con el&nbsp;<strong>IANIGLA y <\/strong>el<strong> INCIHUSA, <\/strong>el&nbsp;<strong>IRD de Francia<\/strong>, el&nbsp;<strong>IFAECI<\/strong>&nbsp;en Buenos Aires, el programa&nbsp;<strong>Global Cryosphere Watch<\/strong>&nbsp;de la&nbsp;<strong>OMM<\/strong>, y los proyectos&nbsp;<strong>AccelNet-ACCORD<\/strong>&nbsp;y&nbsp;<strong>CONECTATE A+<\/strong>, entre otros.<\/p>\n\n\n\n<blockquote class=\"wp-block-quote is-layout-flow wp-block-quote-is-layout-flow\">\n<p>Finalmente, se anunci\u00f3 que la&nbsp;<strong>Reuni\u00f3n Anual ANDEX 2026<\/strong>&nbsp;se realizar\u00e1 en la&nbsp;<strong>Universidad de Cuenca (Ecuador)<\/strong>, en el mes de&nbsp;<strong>julio del pr\u00f3ximo a\u00f1o<\/strong>.<\/p>\n<\/blockquote>\n\n\n\n<figure class=\"wp-block-image size-large\"><img decoding=\"async\" width=\"1024\" height=\"768\" src=\"https:\/\/www.andex-rhp.org\/wp-content\/uploads\/2025\/10\/WhatsApp-Image-2025-10-23-at-14.48.51-1-1024x768.jpeg\" alt=\"Reuni\u00f3n Anual ANDEX 2025 Mendoza - Argentina\" class=\"wp-image-4714\" srcset=\"https:\/\/www.andex-rhp.org\/wp-content\/uploads\/2025\/10\/WhatsApp-Image-2025-10-23-at-14.48.51-1-1024x768.jpeg 1024w, https:\/\/www.andex-rhp.org\/wp-content\/uploads\/2025\/10\/WhatsApp-Image-2025-10-23-at-14.48.51-1-300x225.jpeg 300w, https:\/\/www.andex-rhp.org\/wp-content\/uploads\/2025\/10\/WhatsApp-Image-2025-10-23-at-14.48.51-1-768x576.jpeg 768w, https:\/\/www.andex-rhp.org\/wp-content\/uploads\/2025\/10\/WhatsApp-Image-2025-10-23-at-14.48.51-1.jpeg 1280w\" sizes=\"(max-width: 1024px) 100vw, 1024px\" \/><figcaption class=\"wp-element-caption\">Reuni\u00f3n Anual ANDEX 2025 Mendoza &#8211; Argentina<\/figcaption><\/figure>\n\n\n\n<p><strong>Para ver todas fotograf\u00edas del evento, acceda <a href=\"https:\/\/drive.google.com\/drive\/folders\/1_GRZxevGm5FuAi48i2SXTbpLIFJu-uxD?usp=sharing\">aqu\u00ed.<\/a><\/strong><\/p>\n","protected":false},"excerpt":{"rendered":"<p>Del 13 al 18 de octubre, la ciudad de&nbsp;Mendoza (Argentina)&nbsp;fue sede de la&nbsp;Reuni\u00f3n Anual ANDEX 2025, un encuentro clave para fortalecer la colaboraci\u00f3n cient\u00edfica entre los pa\u00edses andinos y la regi\u00f3n en general. El evento, realizado en el&nbsp;Centro Cient\u00edfico y Tecnol\u00f3gico (CCT) del CONICET en Mendoza, reuni\u00f3 a m\u00e1s de 100 participantes&nbsp;entre cient\u00edficos, estudiantes, profesionales [&hellip;]<\/p>\n","protected":false},"author":2,"featured_media":0,"comment_status":"open","ping_status":"open","sticky":false,"template":"","format":"standard","meta":{"ocean_post_layout":"","ocean_both_sidebars_style":"","ocean_both_sidebars_content_width":0,"ocean_both_sidebars_sidebars_width":0,"ocean_sidebar":"","ocean_second_sidebar":"","ocean_disable_margins":"enable","ocean_add_body_class":"","ocean_shortcode_before_top_bar":"","ocean_shortcode_after_top_bar":"","ocean_shortcode_before_header":"","ocean_shortcode_after_header":"","ocean_has_shortcode":"","ocean_shortcode_after_title":"","ocean_shortcode_before_footer_widgets":"","ocean_shortcode_after_footer_widgets":"","ocean_shortcode_before_footer_bottom":"","ocean_shortcode_after_footer_bottom":"","ocean_display_top_bar":"default","ocean_display_header":"default","ocean_header_style":"","ocean_center_header_left_menu":"","ocean_custom_header_template":"","ocean_custom_logo":0,"ocean_custom_retina_logo":0,"ocean_custom_logo_max_width":0,"ocean_custom_logo_tablet_max_width":0,"ocean_custom_logo_mobile_max_width":0,"ocean_custom_logo_max_height":0,"ocean_custom_logo_tablet_max_height":0,"ocean_custom_logo_mobile_max_height":0,"ocean_header_custom_menu":"","ocean_menu_typo_font_family":"","ocean_menu_typo_font_subset":"","ocean_menu_typo_font_size":0,"ocean_menu_typo_font_size_tablet":0,"ocean_menu_typo_font_size_mobile":0,"ocean_menu_typo_font_size_unit":"px","ocean_menu_typo_font_weight":"","ocean_menu_typo_font_weight_tablet":"","ocean_menu_typo_font_weight_mobile":"","ocean_menu_typo_transform":"","ocean_menu_typo_transform_tablet":"","ocean_menu_typo_transform_mobile":"","ocean_menu_typo_line_height":0,"ocean_menu_typo_line_height_tablet":0,"ocean_menu_typo_line_height_mobile":0,"ocean_menu_typo_line_height_unit":"","ocean_menu_typo_spacing":0,"ocean_menu_typo_spacing_tablet":0,"ocean_menu_typo_spacing_mobile":0,"ocean_menu_typo_spacing_unit":"","ocean_menu_link_color":"","ocean_menu_link_color_hover":"","ocean_menu_link_color_active":"","ocean_menu_link_background":"","ocean_menu_link_hover_background":"","ocean_menu_link_active_background":"","ocean_menu_social_links_bg":"","ocean_menu_social_hover_links_bg":"","ocean_menu_social_links_color":"","ocean_menu_social_hover_links_color":"","ocean_disable_title":"default","ocean_disable_heading":"default","ocean_post_title":"","ocean_post_subheading":"","ocean_post_title_style":"","ocean_post_title_background_color":"","ocean_post_title_background":0,"ocean_post_title_bg_image_position":"","ocean_post_title_bg_image_attachment":"","ocean_post_title_bg_image_repeat":"","ocean_post_title_bg_image_size":"","ocean_post_title_height":0,"ocean_post_title_bg_overlay":0.5,"ocean_post_title_bg_overlay_color":"","ocean_disable_breadcrumbs":"default","ocean_breadcrumbs_color":"","ocean_breadcrumbs_separator_color":"","ocean_breadcrumbs_links_color":"","ocean_breadcrumbs_links_hover_color":"","ocean_display_footer_widgets":"default","ocean_display_footer_bottom":"default","ocean_custom_footer_template":"","ocean_post_oembed":"","ocean_post_self_hosted_media":"","ocean_post_video_embed":"","ocean_link_format":"","ocean_link_format_target":"self","ocean_quote_format":"","ocean_quote_format_link":"post","ocean_gallery_link_images":"on","ocean_gallery_id":[],"footnotes":""},"categories":[14],"tags":[],"class_list":["post-4710","post","type-post","status-publish","format-standard","hentry","category-eventos","entry"],"yoast_head":"<!-- This site is optimized with the Yoast SEO plugin v26.8 - https:\/\/yoast.com\/product\/yoast-seo-wordpress\/ -->\n<title>Reuni\u00f3n Anual ANDEX 2025 en Mendoza, Argentina - Programa Hidroclim\u00e1tico Regional para los Andes<\/title>\n<meta name=\"robots\" content=\"index, follow, max-snippet:-1, max-image-preview:large, max-video-preview:-1\" \/>\n<link rel=\"canonical\" href=\"https:\/\/www.andex-rhp.org\/?p=4710\" \/>\n<meta property=\"og:locale\" content=\"en_US\" \/>\n<meta property=\"og:type\" content=\"article\" \/>\n<meta property=\"og:title\" content=\"Reuni\u00f3n Anual ANDEX 2025 en Mendoza, Argentina - Programa Hidroclim\u00e1tico Regional para los Andes\" \/>\n<meta property=\"og:description\" content=\"Del 13 al 18 de octubre, la ciudad de&nbsp;Mendoza (Argentina)&nbsp;fue sede de la&nbsp;Reuni\u00f3n Anual ANDEX 2025, un encuentro clave para fortalecer la colaboraci\u00f3n cient\u00edfica entre los pa\u00edses andinos y la regi\u00f3n en general. El evento, realizado en el&nbsp;Centro Cient\u00edfico y Tecnol\u00f3gico (CCT) del CONICET en Mendoza, reuni\u00f3 a m\u00e1s de 100 participantes&nbsp;entre cient\u00edficos, estudiantes, profesionales [&hellip;]\" \/>\n<meta property=\"og:url\" content=\"https:\/\/www.andex-rhp.org\/?p=4710\" \/>\n<meta property=\"og:site_name\" content=\"Programa Hidroclim\u00e1tico Regional para los Andes\" \/>\n<meta property=\"article:published_time\" content=\"2025-10-24T15:10:49+00:00\" \/>\n<meta property=\"article:modified_time\" content=\"2025-10-24T18:06:58+00:00\" \/>\n<meta property=\"og:image\" content=\"https:\/\/www.andex-rhp.org\/wp-content\/uploads\/2025\/10\/WhatsApp-Image-2025-10-24-at-10.28.08.jpeg\" \/>\n\t<meta property=\"og:image:width\" content=\"1280\" \/>\n\t<meta property=\"og:image:height\" content=\"1280\" \/>\n\t<meta property=\"og:image:type\" content=\"image\/jpeg\" \/>\n<meta name=\"author\" content=\"andex\" \/>\n<meta name=\"twitter:card\" content=\"summary_large_image\" \/>\n<meta name=\"twitter:label1\" content=\"Written by\" \/>\n\t<meta name=\"twitter:data1\" content=\"andex\" \/>\n\t<meta name=\"twitter:label2\" content=\"Est. reading time\" \/>\n\t<meta name=\"twitter:data2\" content=\"3 minutes\" \/>\n<script type=\"application\/ld+json\" class=\"yoast-schema-graph\">{\"@context\":\"https:\/\/schema.org\",\"@graph\":[{\"@type\":\"Article\",\"@id\":\"https:\/\/www.andex-rhp.org\/?p=4710#article\",\"isPartOf\":{\"@id\":\"https:\/\/www.andex-rhp.org\/?p=4710\"},\"author\":{\"name\":\"andex\",\"@id\":\"https:\/\/www.andex-rhp.org\/#\/schema\/person\/502e4f38fe30f00d8b101cd988a956fb\"},\"headline\":\"Reuni\u00f3n Anual ANDEX 2025 en Mendoza, Argentina\",\"datePublished\":\"2025-10-24T15:10:49+00:00\",\"dateModified\":\"2025-10-24T18:06:58+00:00\",\"mainEntityOfPage\":{\"@id\":\"https:\/\/www.andex-rhp.org\/?p=4710\"},\"wordCount\":510,\"commentCount\":0,\"publisher\":{\"@id\":\"https:\/\/www.andex-rhp.org\/#organization\"},\"image\":{\"@id\":\"https:\/\/www.andex-rhp.org\/?p=4710#primaryimage\"},\"thumbnailUrl\":\"https:\/\/www.andex-rhp.org\/wp-content\/uploads\/2025\/10\/WhatsApp-Image-2025-10-24-at-10.28.08-1024x1024.jpeg\",\"articleSection\":[\"Eventos\"],\"inLanguage\":\"en-US\",\"potentialAction\":[{\"@type\":\"CommentAction\",\"name\":\"Comment\",\"target\":[\"https:\/\/www.andex-rhp.org\/?p=4710#respond\"]}]},{\"@type\":\"WebPage\",\"@id\":\"https:\/\/www.andex-rhp.org\/?p=4710\",\"url\":\"https:\/\/www.andex-rhp.org\/?p=4710\",\"name\":\"Reuni\u00f3n Anual ANDEX 2025 en Mendoza, Argentina - Programa Hidroclim\u00e1tico Regional para los Andes\",\"isPartOf\":{\"@id\":\"https:\/\/www.andex-rhp.org\/#website\"},\"primaryImageOfPage\":{\"@id\":\"https:\/\/www.andex-rhp.org\/?p=4710#primaryimage\"},\"image\":{\"@id\":\"https:\/\/www.andex-rhp.org\/?p=4710#primaryimage\"},\"thumbnailUrl\":\"https:\/\/www.andex-rhp.org\/wp-content\/uploads\/2025\/10\/WhatsApp-Image-2025-10-24-at-10.28.08-1024x1024.jpeg\",\"datePublished\":\"2025-10-24T15:10:49+00:00\",\"dateModified\":\"2025-10-24T18:06:58+00:00\",\"breadcrumb\":{\"@id\":\"https:\/\/www.andex-rhp.org\/?p=4710#breadcrumb\"},\"inLanguage\":\"en-US\",\"potentialAction\":[{\"@type\":\"ReadAction\",\"target\":[\"https:\/\/www.andex-rhp.org\/?p=4710\"]}]},{\"@type\":\"ImageObject\",\"inLanguage\":\"en-US\",\"@id\":\"https:\/\/www.andex-rhp.org\/?p=4710#primaryimage\",\"url\":\"https:\/\/www.andex-rhp.org\/wp-content\/uploads\/2025\/10\/WhatsApp-Image-2025-10-24-at-10.28.08.jpeg\",\"contentUrl\":\"https:\/\/www.andex-rhp.org\/wp-content\/uploads\/2025\/10\/WhatsApp-Image-2025-10-24-at-10.28.08.jpeg\",\"width\":1280,\"height\":1280},{\"@type\":\"BreadcrumbList\",\"@id\":\"https:\/\/www.andex-rhp.org\/?p=4710#breadcrumb\",\"itemListElement\":[{\"@type\":\"ListItem\",\"position\":1,\"name\":\"Home\",\"item\":\"https:\/\/www.andex-rhp.org\/\"},{\"@type\":\"ListItem\",\"position\":2,\"name\":\"Reuni\u00f3n Anual ANDEX 2025 en Mendoza, Argentina\"}]},{\"@type\":\"WebSite\",\"@id\":\"https:\/\/www.andex-rhp.org\/#website\",\"url\":\"https:\/\/www.andex-rhp.org\/\",\"name\":\"Programa Hidroclim\u00e1tico Regional para los Andes\",\"description\":\"ANDEX\",\"publisher\":{\"@id\":\"https:\/\/www.andex-rhp.org\/#organization\"},\"potentialAction\":[{\"@type\":\"SearchAction\",\"target\":{\"@type\":\"EntryPoint\",\"urlTemplate\":\"https:\/\/www.andex-rhp.org\/?s={search_term_string}\"},\"query-input\":{\"@type\":\"PropertyValueSpecification\",\"valueRequired\":true,\"valueName\":\"search_term_string\"}}],\"inLanguage\":\"en-US\"},{\"@type\":\"Organization\",\"@id\":\"https:\/\/www.andex-rhp.org\/#organization\",\"name\":\"Programa Hidroclim\u00e1tico Regional para los Andes\",\"url\":\"https:\/\/www.andex-rhp.org\/\",\"logo\":{\"@type\":\"ImageObject\",\"inLanguage\":\"en-US\",\"@id\":\"https:\/\/www.andex-rhp.org\/#\/schema\/logo\/image\/\",\"url\":\"https:\/\/www.andex-rhp.org\/wp-content\/uploads\/2024\/04\/cropped-cropped-logo_ANDEX_color_trans1.png\",\"contentUrl\":\"https:\/\/www.andex-rhp.org\/wp-content\/uploads\/2024\/04\/cropped-cropped-logo_ANDEX_color_trans1.png\",\"width\":555,\"height\":444,\"caption\":\"Programa Hidroclim\u00e1tico Regional para los Andes\"},\"image\":{\"@id\":\"https:\/\/www.andex-rhp.org\/#\/schema\/logo\/image\/\"}},{\"@type\":\"Person\",\"@id\":\"https:\/\/www.andex-rhp.org\/#\/schema\/person\/502e4f38fe30f00d8b101cd988a956fb\",\"name\":\"andex\",\"image\":{\"@type\":\"ImageObject\",\"inLanguage\":\"en-US\",\"@id\":\"https:\/\/www.andex-rhp.org\/#\/schema\/person\/image\/\",\"url\":\"https:\/\/secure.gravatar.com\/avatar\/23494ed4720f39176481de38bcdec2a13011e1321adeb3faa91d0e623a2a8587?s=96&d=mm&r=g\",\"contentUrl\":\"https:\/\/secure.gravatar.com\/avatar\/23494ed4720f39176481de38bcdec2a13011e1321adeb3faa91d0e623a2a8587?s=96&d=mm&r=g\",\"caption\":\"andex\"},\"url\":\"https:\/\/www.andex-rhp.org\/?author=2\"}]}<\/script>\n<!-- \/ Yoast SEO plugin. -->","yoast_head_json":{"title":"Reuni\u00f3n Anual ANDEX 2025 en Mendoza, Argentina - Programa Hidroclim\u00e1tico Regional para los Andes","robots":{"index":"index","follow":"follow","max-snippet":"max-snippet:-1","max-image-preview":"max-image-preview:large","max-video-preview":"max-video-preview:-1"},"canonical":"https:\/\/www.andex-rhp.org\/?p=4710","og_locale":"en_US","og_type":"article","og_title":"Reuni\u00f3n Anual ANDEX 2025 en Mendoza, Argentina - Programa Hidroclim\u00e1tico Regional para los Andes","og_description":"Del 13 al 18 de octubre, la ciudad de&nbsp;Mendoza (Argentina)&nbsp;fue sede de la&nbsp;Reuni\u00f3n Anual ANDEX 2025, un encuentro clave para fortalecer la colaboraci\u00f3n cient\u00edfica entre los pa\u00edses andinos y la regi\u00f3n en general. El evento, realizado en el&nbsp;Centro Cient\u00edfico y Tecnol\u00f3gico (CCT) del CONICET en Mendoza, reuni\u00f3 a m\u00e1s de 100 participantes&nbsp;entre cient\u00edficos, estudiantes, profesionales [&hellip;]","og_url":"https:\/\/www.andex-rhp.org\/?p=4710","og_site_name":"Programa Hidroclim\u00e1tico Regional para los Andes","article_published_time":"2025-10-24T15:10:49+00:00","article_modified_time":"2025-10-24T18:06:58+00:00","og_image":[{"width":1280,"height":1280,"url":"https:\/\/www.andex-rhp.org\/wp-content\/uploads\/2025\/10\/WhatsApp-Image-2025-10-24-at-10.28.08.jpeg","type":"image\/jpeg"}],"author":"andex","twitter_card":"summary_large_image","twitter_misc":{"Written by":"andex","Est. reading time":"3 minutes"},"schema":{"@context":"https:\/\/schema.org","@graph":[{"@type":"Article","@id":"https:\/\/www.andex-rhp.org\/?p=4710#article","isPartOf":{"@id":"https:\/\/www.andex-rhp.org\/?p=4710"},"author":{"name":"andex","@id":"https:\/\/www.andex-rhp.org\/#\/schema\/person\/502e4f38fe30f00d8b101cd988a956fb"},"headline":"Reuni\u00f3n Anual ANDEX 2025 en Mendoza, Argentina","datePublished":"2025-10-24T15:10:49+00:00","dateModified":"2025-10-24T18:06:58+00:00","mainEntityOfPage":{"@id":"https:\/\/www.andex-rhp.org\/?p=4710"},"wordCount":510,"commentCount":0,"publisher":{"@id":"https:\/\/www.andex-rhp.org\/#organization"},"image":{"@id":"https:\/\/www.andex-rhp.org\/?p=4710#primaryimage"},"thumbnailUrl":"https:\/\/www.andex-rhp.org\/wp-content\/uploads\/2025\/10\/WhatsApp-Image-2025-10-24-at-10.28.08-1024x1024.jpeg","articleSection":["Eventos"],"inLanguage":"en-US","potentialAction":[{"@type":"CommentAction","name":"Comment","target":["https:\/\/www.andex-rhp.org\/?p=4710#respond"]}]},{"@type":"WebPage","@id":"https:\/\/www.andex-rhp.org\/?p=4710","url":"https:\/\/www.andex-rhp.org\/?p=4710","name":"Reuni\u00f3n Anual ANDEX 2025 en Mendoza, Argentina - Programa Hidroclim\u00e1tico Regional para los Andes","isPartOf":{"@id":"https:\/\/www.andex-rhp.org\/#website"},"primaryImageOfPage":{"@id":"https:\/\/www.andex-rhp.org\/?p=4710#primaryimage"},"image":{"@id":"https:\/\/www.andex-rhp.org\/?p=4710#primaryimage"},"thumbnailUrl":"https:\/\/www.andex-rhp.org\/wp-content\/uploads\/2025\/10\/WhatsApp-Image-2025-10-24-at-10.28.08-1024x1024.jpeg","datePublished":"2025-10-24T15:10:49+00:00","dateModified":"2025-10-24T18:06:58+00:00","breadcrumb":{"@id":"https:\/\/www.andex-rhp.org\/?p=4710#breadcrumb"},"inLanguage":"en-US","potentialAction":[{"@type":"ReadAction","target":["https:\/\/www.andex-rhp.org\/?p=4710"]}]},{"@type":"ImageObject","inLanguage":"en-US","@id":"https:\/\/www.andex-rhp.org\/?p=4710#primaryimage","url":"https:\/\/www.andex-rhp.org\/wp-content\/uploads\/2025\/10\/WhatsApp-Image-2025-10-24-at-10.28.08.jpeg","contentUrl":"https:\/\/www.andex-rhp.org\/wp-content\/uploads\/2025\/10\/WhatsApp-Image-2025-10-24-at-10.28.08.jpeg","width":1280,"height":1280},{"@type":"BreadcrumbList","@id":"https:\/\/www.andex-rhp.org\/?p=4710#breadcrumb","itemListElement":[{"@type":"ListItem","position":1,"name":"Home","item":"https:\/\/www.andex-rhp.org\/"},{"@type":"ListItem","position":2,"name":"Reuni\u00f3n Anual ANDEX 2025 en Mendoza, Argentina"}]},{"@type":"WebSite","@id":"https:\/\/www.andex-rhp.org\/#website","url":"https:\/\/www.andex-rhp.org\/","name":"Programa Hidroclim\u00e1tico Regional para los Andes","description":"ANDEX","publisher":{"@id":"https:\/\/www.andex-rhp.org\/#organization"},"potentialAction":[{"@type":"SearchAction","target":{"@type":"EntryPoint","urlTemplate":"https:\/\/www.andex-rhp.org\/?s={search_term_string}"},"query-input":{"@type":"PropertyValueSpecification","valueRequired":true,"valueName":"search_term_string"}}],"inLanguage":"en-US"},{"@type":"Organization","@id":"https:\/\/www.andex-rhp.org\/#organization","name":"Programa Hidroclim\u00e1tico Regional para los Andes","url":"https:\/\/www.andex-rhp.org\/","logo":{"@type":"ImageObject","inLanguage":"en-US","@id":"https:\/\/www.andex-rhp.org\/#\/schema\/logo\/image\/","url":"https:\/\/www.andex-rhp.org\/wp-content\/uploads\/2024\/04\/cropped-cropped-logo_ANDEX_color_trans1.png","contentUrl":"https:\/\/www.andex-rhp.org\/wp-content\/uploads\/2024\/04\/cropped-cropped-logo_ANDEX_color_trans1.png","width":555,"height":444,"caption":"Programa Hidroclim\u00e1tico Regional para los Andes"},"image":{"@id":"https:\/\/www.andex-rhp.org\/#\/schema\/logo\/image\/"}},{"@type":"Person","@id":"https:\/\/www.andex-rhp.org\/#\/schema\/person\/502e4f38fe30f00d8b101cd988a956fb","name":"andex","image":{"@type":"ImageObject","inLanguage":"en-US","@id":"https:\/\/www.andex-rhp.org\/#\/schema\/person\/image\/","url":"https:\/\/secure.gravatar.com\/avatar\/23494ed4720f39176481de38bcdec2a13011e1321adeb3faa91d0e623a2a8587?s=96&d=mm&r=g","contentUrl":"https:\/\/secure.gravatar.com\/avatar\/23494ed4720f39176481de38bcdec2a13011e1321adeb3faa91d0e623a2a8587?s=96&d=mm&r=g","caption":"andex"},"url":"https:\/\/www.andex-rhp.org\/?author=2"}]}},"_links":{"self":[{"href":"https:\/\/www.andex-rhp.org\/index.php?rest_route=\/wp\/v2\/posts\/4710","targetHints":{"allow":["GET"]}}],"collection":[{"href":"https:\/\/www.andex-rhp.org\/index.php?rest_route=\/wp\/v2\/posts"}],"about":[{"href":"https:\/\/www.andex-rhp.org\/index.php?rest_route=\/wp\/v2\/types\/post"}],"author":[{"embeddable":true,"href":"https:\/\/www.andex-rhp.org\/index.php?rest_route=\/wp\/v2\/users\/2"}],"replies":[{"embeddable":true,"href":"https:\/\/www.andex-rhp.org\/index.php?rest_route=%2Fwp%2Fv2%2Fcomments&post=4710"}],"version-history":[{"count":6,"href":"https:\/\/www.andex-rhp.org\/index.php?rest_route=\/wp\/v2\/posts\/4710\/revisions"}],"predecessor-version":[{"id":4721,"href":"https:\/\/www.andex-rhp.org\/index.php?rest_route=\/wp\/v2\/posts\/4710\/revisions\/4721"}],"wp:attachment":[{"href":"https:\/\/www.andex-rhp.org\/index.php?rest_route=%2Fwp%2Fv2%2Fmedia&parent=4710"}],"wp:term":[{"taxonomy":"category","embeddable":true,"href":"https:\/\/www.andex-rhp.org\/index.php?rest_route=%2Fwp%2Fv2%2Fcategories&post=4710"},{"taxonomy":"post_tag","embeddable":true,"href":"https:\/\/www.andex-rhp.org\/index.php?rest_route=%2Fwp%2Fv2%2Ftags&post=4710"}],"curies":[{"name":"wp","href":"https:\/\/api.w.org\/{rel}","templated":true}]}}