{"id":4639,"date":"2025-07-23T14:01:01","date_gmt":"2025-07-23T14:01:01","guid":{"rendered":"https:\/\/www.andex-rhp.org\/?p=4639"},"modified":"2025-07-23T14:01:02","modified_gmt":"2025-07-23T14:01:02","slug":"como-crecen-los-arboles-de-nothofagus-en-los-andes-valdivianos-40s-del-sur-de-chile","status":"publish","type":"post","link":"https:\/\/www.andex-rhp.org\/?p=4639","title":{"rendered":"\u00bfC\u00f3mo crecen los \u00e1rboles de\u00a0Nothofagus\u00a0en los Andes Valdivianos (40\u00b0S) del sur de Chile?"},"content":{"rendered":"\n<p><strong>Por<\/strong> <strong>Claudio \u00c1lvarez*\/<\/strong><\/p>\n\n\n\n<p>Los bosques de alta altitud, por sobre los 1000 m en los Andes del sur de Sudam\u00e9rica, son especialmente sensibles a la variabilidad clim\u00e1tica. El aumento de la temperatura y la disminuci\u00f3n de las precipitaciones, tanto observadas como proyectadas, pueden alterar significativamente procesos ecol\u00f3gicos como el crecimiento radial de los \u00e1rboles. Este estudio se llev\u00f3 a cabo en un bosque conservado con baja intervenci\u00f3n antr\u00f3pica del volc\u00e1n Choshuenco, donde se analiz\u00f3 comparativamente c\u00f3mo tres especies arb\u00f3reas, lenga (<em>Nothofagus pumilio<\/em>), coig\u00fce (<em>N. dombeyi<\/em>) y raul\u00ed (<em>N. alpina<\/em>), responden al clima bajo un r\u00e9gimen clim\u00e1tico com\u00fan en la vertiente occidental de los Andes (Figura 1).&nbsp;<\/p>\n\n\n\n<p>Para llevar a cabo el estudio, se utiliz\u00f3 la dendrocronolog\u00eda que consiste en analizar los anillos de crecimiento de los \u00e1rboles para reconstruir los patrones de crecimiento radial a lo largo del tiempo.&nbsp;Se recolectaron muestras de madera de \u00e1rboles utilizando taladros de incremento, en diferentes altitudes del volc\u00e1n Choshuenco, y se analizaron sus anillos de crecimiento, combinando esta informaci\u00f3n con datos clim\u00e1ticos como temperatura, precipitaci\u00f3n, d\u00e9ficit de presi\u00f3n de vapor (VPD), humedad del suelo y la altura de la isoterma de 0\u00b0C (que define la l\u00ednea de nieve). Adem\u00e1s, se evalu\u00f3 la&nbsp;resistencia, recuperaci\u00f3n y resiliencia&nbsp;de los \u00e1rboles ante eventos de sequ\u00eda. Estos conceptos se definen como: resistencia (capacidad de reducir el impacto de la sequ\u00eda), recuperaci\u00f3n (retorno al crecimiento anterior a la ocurrencia del evento) , y resiliencia (relaci\u00f3n entre el crecimiento post-sequ\u00eda y pre-sequ\u00eda).<\/p>\n\n\n\n<figure class=\"wp-block-image size-large\"><img fetchpriority=\"high\" decoding=\"async\" width=\"1024\" height=\"603\" src=\"https:\/\/www.andex-rhp.org\/wp-content\/uploads\/2025\/07\/ab-2-1024x603.png\" alt=\"Figura 1. A) Ubicaci\u00f3n del \u00e1rea de estudio (rect\u00e1ngulo rojo) cerca de los 40\u00b0S, en la vertiente noroccidental del volc\u00e1n Choshuenco en los Andes el sur de Sudam\u00e9rica. B) Vista panor\u00e1mica de la vertiente noroccidental del volc\u00e1n Choshuenco, con el rect\u00e1ngulo naranjo indicando el transecto altitudinal estudiado en los bosques de Nothofagus. Esta foto fue tomada en invierno, cuando lenga (Nothofagus pumilio) pierde sus hojas, lo que explica el tono gris\u00e1ceo en la parte superior del transecto. C) Transecto altitudinal de las cronolog\u00edas de ancho de anillos desarrolladas, entre los 1400 y 1000 m de altitud. Tres sitios de N. pumilio: LAL (lenga alta), LME (lenga media) y LBA (lenga baja). Adem\u00e1s de un sitio de N. dombeyi COI (coig\u00fce) y uno de N. alpina RAU (raul\u00ed).\" class=\"wp-image-4637\" srcset=\"https:\/\/www.andex-rhp.org\/wp-content\/uploads\/2025\/07\/ab-2-1024x603.png 1024w, https:\/\/www.andex-rhp.org\/wp-content\/uploads\/2025\/07\/ab-2-300x177.png 300w, https:\/\/www.andex-rhp.org\/wp-content\/uploads\/2025\/07\/ab-2-768x452.png 768w, https:\/\/www.andex-rhp.org\/wp-content\/uploads\/2025\/07\/ab-2.png 1344w\" sizes=\"(max-width: 1024px) 100vw, 1024px\" \/><figcaption class=\"wp-element-caption\">Figura 1. A) Ubicaci\u00f3n del \u00e1rea de estudio (rect\u00e1ngulo rojo) cerca de los 40\u00b0S, en la vertiente noroccidental del volc\u00e1n Choshuenco en los Andes el sur de Sudam\u00e9rica. B) Vista panor\u00e1mica de la vertiente noroccidental del volc\u00e1n Choshuenco, con el rect\u00e1ngulo naranjo indicando el transecto altitudinal estudiado en los bosques de Nothofagus. Esta foto fue tomada en invierno, cuando lenga (Nothofagus pumilio) pierde sus hojas, lo que explica el tono gris\u00e1ceo en la parte superior del transecto. C) Transecto altitudinal de las cronolog\u00edas de ancho de anillos desarrolladas, entre los 1400 y 1000 m de altitud. Tres sitios de N. pumilio: LAL (lenga alta), LME (lenga media) y LBA (lenga baja). Adem\u00e1s de un sitio de N. dombeyi COI (coig\u00fce) y uno de N. alpina RAU (raul\u00ed).<\/figcaption><\/figure>\n\n\n\n<p><strong>Lo que descubrimos sobre nuestros bosques de&nbsp;<em>Nothofagus<\/em><\/strong><\/p>\n\n\n\n<p>Desde la d\u00e9cada de 1980, el crecimiento radial de las tres especies estudiadas muestran una mayor sincron\u00eda. Esto significa que un mismo factor clim\u00e1tico est\u00e1 influyendo cada vez m\u00e1s en su crecimiento, actuando como un factor limitante com\u00fan en el \u00e1rea de estudio. Uno de los hallazgos m\u00e1s importantes fue el rol de la nieve en la primavera. Se observ\u00f3 que un exceso de lluvia en forma s\u00f3lida durante noviembre se relaciona negativamente con el crecimiento de los \u00e1rboles. En contraste, temperaturas medias m\u00e1s alta y una mayor altura de la isoterma 0\u00b0C durante noviembre favorecen el crecimiento. Esto sugiere que la persistencia de la capa de nieve a principios de la primavera es crucial y puede retrasar el inicio de la temporada de crecimiento (Figura 2).&nbsp;<\/p>\n\n\n\n<p>Se encontraron respuestas variadas a la sequ\u00eda, la capacidad de los \u00e1rboles para resistir, recuperarse y ser resiliente despu\u00e9s de una sequ\u00eda var\u00eda seg\u00fan la especie y las condiciones locales. Lenga present\u00f3 un impacto m\u00ednimo por la sequ\u00eda. Esto podr\u00eda deberse a las condiciones de alta humedad durante el oto\u00f1o e invierno en el \u00e1rea de estudio que ayudan a mitigar los efectos negativos de la sequ\u00eda durante la temporada de crecimiento. Coig\u00fce por su parte, mostr\u00f3 una resistencia moderada a la sequ\u00eda, pero una baja capacidad de recuperaci\u00f3n. Esto indica que aunque puede soportar las sequ\u00edas relativamente bien, le cuesta retomar su crecimiento anterior a la ocurrencia de la sequ\u00eda cuando las condiciones mejoran, lo que se relaciona con su preferencia por ambientes m\u00e1s h\u00famedos. Finalmente, raul\u00ed mostr\u00f3 una alta resistencia, recuperaci\u00f3n y resiliencia, esto sugiere que est\u00e1 bien adaptado a condiciones de sequ\u00eda y se recupera de buena manera, posiblemente debido a la ubicaci\u00f3n del \u00e1rea de estudio cerca del l\u00edmite sur de su distribuci\u00f3n latitudinal, donde estas condiciones secas pueden serle favorables.<\/p>\n\n\n\n<blockquote class=\"wp-block-quote is-layout-flow wp-block-quote-is-layout-flow\">\n<p>Este estudio muestra la&nbsp;compleja interacci\u00f3n entre las variables ambientales y las respuestas de crecimiento de tres especies de&nbsp;<em>Nothofagus&nbsp;<\/em>en los Andes valdivianos. Se encontr\u00f3 que factores clim\u00e1ticos espec\u00edficos, como la precipitaci\u00f3n de primavera y la duraci\u00f3n de la cobertura de nieve al inicio de la temporada de crecimiento, cumplen un rol clave en el crecimiento radial. Adem\u00e1s, cada especie respondi\u00f3 distinto a la sequ\u00eda. Lenga fue poco afectada, coig\u00fce mostr\u00f3 baja recuperaci\u00f3n y raul\u00ed demostr\u00f3 alta resiliencia. Esta informaci\u00f3n es clave para anticipar y gestionar los impactos del cambio clim\u00e1tico en estos valiosos ecosistemas forestales.<\/p>\n<\/blockquote>\n\n\n\n<figure class=\"wp-block-image size-large\"><img decoding=\"async\" width=\"833\" height=\"1024\" src=\"https:\/\/www.andex-rhp.org\/wp-content\/uploads\/2025\/07\/bc-833x1024.png\" alt=\"Figura 2. Coeficientes de correlaci\u00f3n entre las cronolog\u00edas de Nothofagus pumilio (LAL= lenga alta; LME = lenga media, LBA= Lenga baja), N. dombeyi (COI), N. alpina (RAU), PC1, y variables ambientales en el volc\u00e1n Choshuenco. A) Tempeartura media, B) IsoT Altura de la isoterma 0\u00b0C. C) VPD d\u00e9ficit de presi\u00f3n de vapor, D) Pp precipitaci\u00f3n. E) HS humedad del suelo, y E) AAO \u00cdndice Oscilaci\u00f3n Ant\u00e1rtica. An\u00e1lisis de correlaci\u00f3n fueron calculados desde agosto de la estaci\u00f3n de crecimiento previa (pAgosto) a abril de estaci\u00f3n de crecimiento actual (ABRIL). Antes de realizar los an\u00e1lisis de correlaci\u00f3n entre las cronolog\u00edas y las variables ambientales, las variables fueron destendenciadas usando un modelo autoregresivo (*p\" class=\"wp-image-4638\" srcset=\"https:\/\/www.andex-rhp.org\/wp-content\/uploads\/2025\/07\/bc-833x1024.png 833w, https:\/\/www.andex-rhp.org\/wp-content\/uploads\/2025\/07\/bc-244x300.png 244w, https:\/\/www.andex-rhp.org\/wp-content\/uploads\/2025\/07\/bc-768x945.png 768w, https:\/\/www.andex-rhp.org\/wp-content\/uploads\/2025\/07\/bc.png 1100w\" sizes=\"(max-width: 833px) 100vw, 833px\" \/><figcaption class=\"wp-element-caption\">Figura 2. Coeficientes de correlaci\u00f3n entre las cronolog\u00edas de Nothofagus pumilio (LAL= lenga alta; LME = lenga media, LBA= Lenga baja), N. dombeyi (COI), N. alpina (RAU), PC1, y variables ambientales en el volc\u00e1n Choshuenco. A) Tempeartura media, B) IsoT Altura de la isoterma 0\u00b0C. C) VPD d\u00e9ficit de presi\u00f3n de vapor, D) Pp precipitaci\u00f3n. E) HS humedad del suelo, y E) AAO \u00cdndice Oscilaci\u00f3n Ant\u00e1rtica. An\u00e1lisis de correlaci\u00f3n fueron calculados desde agosto de la estaci\u00f3n de crecimiento previa (pAgosto) a abril de estaci\u00f3n de crecimiento actual (ABRIL). Antes de realizar los an\u00e1lisis de correlaci\u00f3n entre las cronolog\u00edas y las variables ambientales, las variables fueron destendenciadas usando un modelo autoregresivo (*p <0.05, **p <0.01)<\/figcaption><\/figure>\n\n\n\n<hr class=\"wp-block-separator has-alpha-channel-opacity\"\/>\n\n\n\n<p>*Laboratorio de Dendrocronolog\u00eda y Cambio Global, Instituto de Conservaci\u00f3n Biodiversidad y Territorio, Universidad Austral de Chile, Valdivia, Chile<\/p>\n\n\n\n<hr class=\"wp-block-separator has-alpha-channel-opacity\"\/>\n\n\n\n<p>\u00c1lvarez, C., Christie, D.A., Gonz\u00e1lez-Reyes, \u00c1.\u00a0<em>et al.<\/em>\u00a0Multicentury Growth Patterns and Climate Relationships of Three Co-occurring\u00a0<em>Nothofagus<\/em>\u00a0Species in High-Elevation Forests of the Valdivian Andes.\u00a0<em>Ecosystems<\/em>\u00a0<strong>28<\/strong>, 36 (2025). <a href=\"https:\/\/doi.org\/10.1007\/s10021-025-00982-9\">https:\/\/doi.org\/10.1007\/s10021-025-00982-9<\/a><\/p>\n","protected":false},"excerpt":{"rendered":"<p>Por Claudio \u00c1lvarez*\/ Los bosques de alta altitud, por sobre los 1000 m en los Andes del sur de Sudam\u00e9rica, son especialmente sensibles a la variabilidad clim\u00e1tica. El aumento de la temperatura y la disminuci\u00f3n de las precipitaciones, tanto observadas como proyectadas, pueden alterar significativamente procesos ecol\u00f3gicos como el crecimiento radial de los \u00e1rboles. Este [&hellip;]<\/p>\n","protected":false},"author":2,"featured_media":0,"comment_status":"open","ping_status":"open","sticky":false,"template":"","format":"standard","meta":{"ocean_post_layout":"","ocean_both_sidebars_style":"","ocean_both_sidebars_content_width":0,"ocean_both_sidebars_sidebars_width":0,"ocean_sidebar":"","ocean_second_sidebar":"","ocean_disable_margins":"enable","ocean_add_body_class":"","ocean_shortcode_before_top_bar":"","ocean_shortcode_after_top_bar":"","ocean_shortcode_before_header":"","ocean_shortcode_after_header":"","ocean_has_shortcode":"","ocean_shortcode_after_title":"","ocean_shortcode_before_footer_widgets":"","ocean_shortcode_after_footer_widgets":"","ocean_shortcode_before_footer_bottom":"","ocean_shortcode_after_footer_bottom":"","ocean_display_top_bar":"default","ocean_display_header":"default","ocean_header_style":"","ocean_center_header_left_menu":"","ocean_custom_header_template":"","ocean_custom_logo":0,"ocean_custom_retina_logo":0,"ocean_custom_logo_max_width":0,"ocean_custom_logo_tablet_max_width":0,"ocean_custom_logo_mobile_max_width":0,"ocean_custom_logo_max_height":0,"ocean_custom_logo_tablet_max_height":0,"ocean_custom_logo_mobile_max_height":0,"ocean_header_custom_menu":"","ocean_menu_typo_font_family":"","ocean_menu_typo_font_subset":"","ocean_menu_typo_font_size":0,"ocean_menu_typo_font_size_tablet":0,"ocean_menu_typo_font_size_mobile":0,"ocean_menu_typo_font_size_unit":"px","ocean_menu_typo_font_weight":"","ocean_menu_typo_font_weight_tablet":"","ocean_menu_typo_font_weight_mobile":"","ocean_menu_typo_transform":"","ocean_menu_typo_transform_tablet":"","ocean_menu_typo_transform_mobile":"","ocean_menu_typo_line_height":0,"ocean_menu_typo_line_height_tablet":0,"ocean_menu_typo_line_height_mobile":0,"ocean_menu_typo_line_height_unit":"","ocean_menu_typo_spacing":0,"ocean_menu_typo_spacing_tablet":0,"ocean_menu_typo_spacing_mobile":0,"ocean_menu_typo_spacing_unit":"","ocean_menu_link_color":"","ocean_menu_link_color_hover":"","ocean_menu_link_color_active":"","ocean_menu_link_background":"","ocean_menu_link_hover_background":"","ocean_menu_link_active_background":"","ocean_menu_social_links_bg":"","ocean_menu_social_hover_links_bg":"","ocean_menu_social_links_color":"","ocean_menu_social_hover_links_color":"","ocean_disable_title":"default","ocean_disable_heading":"default","ocean_post_title":"","ocean_post_subheading":"","ocean_post_title_style":"","ocean_post_title_background_color":"","ocean_post_title_background":0,"ocean_post_title_bg_image_position":"","ocean_post_title_bg_image_attachment":"","ocean_post_title_bg_image_repeat":"","ocean_post_title_bg_image_size":"","ocean_post_title_height":0,"ocean_post_title_bg_overlay":0.5,"ocean_post_title_bg_overlay_color":"","ocean_disable_breadcrumbs":"default","ocean_breadcrumbs_color":"","ocean_breadcrumbs_separator_color":"","ocean_breadcrumbs_links_color":"","ocean_breadcrumbs_links_hover_color":"","ocean_display_footer_widgets":"default","ocean_display_footer_bottom":"default","ocean_custom_footer_template":"","ocean_post_oembed":"","ocean_post_self_hosted_media":"","ocean_post_video_embed":"","ocean_link_format":"","ocean_link_format_target":"self","ocean_quote_format":"","ocean_quote_format_link":"post","ocean_gallery_link_images":"on","ocean_gallery_id":[],"footnotes":""},"categories":[16],"tags":[159,158,81],"class_list":["post-4639","post","type-post","status-publish","format-standard","hentry","category-lecturas","tag-dendrocronologia","tag-ecologia","tag-variabilidad-climatica","entry"],"yoast_head":"<!-- This site is optimized with the Yoast SEO plugin v26.8 - https:\/\/yoast.com\/product\/yoast-seo-wordpress\/ -->\n<title>\u00bfC\u00f3mo crecen los \u00e1rboles de\u00a0Nothofagus\u00a0en los Andes Valdivianos (40\u00b0S) del sur de Chile? - Programa Hidroclim\u00e1tico Regional para los Andes<\/title>\n<meta name=\"robots\" content=\"index, follow, max-snippet:-1, max-image-preview:large, max-video-preview:-1\" \/>\n<link rel=\"canonical\" href=\"https:\/\/www.andex-rhp.org\/?p=4639\" \/>\n<meta property=\"og:locale\" content=\"en_US\" \/>\n<meta property=\"og:type\" content=\"article\" \/>\n<meta property=\"og:title\" content=\"\u00bfC\u00f3mo crecen los \u00e1rboles de\u00a0Nothofagus\u00a0en los Andes Valdivianos (40\u00b0S) del sur de Chile? - Programa Hidroclim\u00e1tico Regional para los Andes\" \/>\n<meta property=\"og:description\" content=\"Por Claudio \u00c1lvarez*\/ Los bosques de alta altitud, por sobre los 1000 m en los Andes del sur de Sudam\u00e9rica, son especialmente sensibles a la variabilidad clim\u00e1tica. El aumento de la temperatura y la disminuci\u00f3n de las precipitaciones, tanto observadas como proyectadas, pueden alterar significativamente procesos ecol\u00f3gicos como el crecimiento radial de los \u00e1rboles. Este [&hellip;]\" \/>\n<meta property=\"og:url\" content=\"https:\/\/www.andex-rhp.org\/?p=4639\" \/>\n<meta property=\"og:site_name\" content=\"Programa Hidroclim\u00e1tico Regional para los Andes\" \/>\n<meta property=\"article:published_time\" content=\"2025-07-23T14:01:01+00:00\" \/>\n<meta property=\"article:modified_time\" content=\"2025-07-23T14:01:02+00:00\" \/>\n<meta property=\"og:image\" content=\"https:\/\/www.andex-rhp.org\/wp-content\/uploads\/2025\/07\/ab-2.png\" \/>\n\t<meta property=\"og:image:width\" content=\"1344\" \/>\n\t<meta property=\"og:image:height\" content=\"791\" \/>\n\t<meta property=\"og:image:type\" content=\"image\/png\" \/>\n<meta name=\"author\" content=\"andex\" \/>\n<meta name=\"twitter:card\" content=\"summary_large_image\" \/>\n<meta name=\"twitter:label1\" content=\"Written by\" \/>\n\t<meta name=\"twitter:data1\" content=\"andex\" \/>\n\t<meta name=\"twitter:label2\" content=\"Est. reading time\" \/>\n\t<meta name=\"twitter:data2\" content=\"5 minutes\" \/>\n<script type=\"application\/ld+json\" class=\"yoast-schema-graph\">{\"@context\":\"https:\/\/schema.org\",\"@graph\":[{\"@type\":\"Article\",\"@id\":\"https:\/\/www.andex-rhp.org\/?p=4639#article\",\"isPartOf\":{\"@id\":\"https:\/\/www.andex-rhp.org\/?p=4639\"},\"author\":{\"name\":\"andex\",\"@id\":\"https:\/\/www.andex-rhp.org\/#\/schema\/person\/502e4f38fe30f00d8b101cd988a956fb\"},\"headline\":\"\u00bfC\u00f3mo crecen los \u00e1rboles de\u00a0Nothofagus\u00a0en los Andes Valdivianos (40\u00b0S) del sur de Chile?\",\"datePublished\":\"2025-07-23T14:01:01+00:00\",\"dateModified\":\"2025-07-23T14:01:02+00:00\",\"mainEntityOfPage\":{\"@id\":\"https:\/\/www.andex-rhp.org\/?p=4639\"},\"wordCount\":1000,\"commentCount\":0,\"publisher\":{\"@id\":\"https:\/\/www.andex-rhp.org\/#organization\"},\"image\":{\"@id\":\"https:\/\/www.andex-rhp.org\/?p=4639#primaryimage\"},\"thumbnailUrl\":\"https:\/\/www.andex-rhp.org\/wp-content\/uploads\/2025\/07\/ab-2-1024x603.png\",\"keywords\":[\"Dendrocronolog\u00eda\",\"Ecolog\u00eda\",\"Variabilidad Clim\u00e1tica\"],\"articleSection\":[\"Lecturas\"],\"inLanguage\":\"en-US\",\"potentialAction\":[{\"@type\":\"CommentAction\",\"name\":\"Comment\",\"target\":[\"https:\/\/www.andex-rhp.org\/?p=4639#respond\"]}]},{\"@type\":\"WebPage\",\"@id\":\"https:\/\/www.andex-rhp.org\/?p=4639\",\"url\":\"https:\/\/www.andex-rhp.org\/?p=4639\",\"name\":\"\u00bfC\u00f3mo crecen los \u00e1rboles de\u00a0Nothofagus\u00a0en los Andes Valdivianos (40\u00b0S) del sur de Chile? - Programa Hidroclim\u00e1tico Regional para los Andes\",\"isPartOf\":{\"@id\":\"https:\/\/www.andex-rhp.org\/#website\"},\"primaryImageOfPage\":{\"@id\":\"https:\/\/www.andex-rhp.org\/?p=4639#primaryimage\"},\"image\":{\"@id\":\"https:\/\/www.andex-rhp.org\/?p=4639#primaryimage\"},\"thumbnailUrl\":\"https:\/\/www.andex-rhp.org\/wp-content\/uploads\/2025\/07\/ab-2-1024x603.png\",\"datePublished\":\"2025-07-23T14:01:01+00:00\",\"dateModified\":\"2025-07-23T14:01:02+00:00\",\"breadcrumb\":{\"@id\":\"https:\/\/www.andex-rhp.org\/?p=4639#breadcrumb\"},\"inLanguage\":\"en-US\",\"potentialAction\":[{\"@type\":\"ReadAction\",\"target\":[\"https:\/\/www.andex-rhp.org\/?p=4639\"]}]},{\"@type\":\"ImageObject\",\"inLanguage\":\"en-US\",\"@id\":\"https:\/\/www.andex-rhp.org\/?p=4639#primaryimage\",\"url\":\"https:\/\/www.andex-rhp.org\/wp-content\/uploads\/2025\/07\/ab-2.png\",\"contentUrl\":\"https:\/\/www.andex-rhp.org\/wp-content\/uploads\/2025\/07\/ab-2.png\",\"width\":1344,\"height\":791,\"caption\":\"Figura 1. A) Ubicaci\u00f3n del \u00e1rea de estudio (rect\u00e1ngulo rojo) cerca de los 40\u00b0S, en la vertiente noroccidental del volc\u00e1n Choshuenco en los Andes el sur de Sudam\u00e9rica. B) Vista panor\u00e1mica de la vertiente noroccidental del volc\u00e1n Choshuenco, con el rect\u00e1ngulo naranjo indicando el transecto altitudinal estudiado en los bosques de Nothofagus. Esta foto fue tomada en invierno, cuando lenga (Nothofagus pumilio) pierde sus hojas, lo que explica el tono gris\u00e1ceo en la parte superior del transecto. C) Transecto altitudinal de las cronolog\u00edas de ancho de anillos desarrolladas, entre los 1400 y 1000 m de altitud. Tres sitios de N. pumilio: LAL (lenga alta), LME (lenga media) y LBA (lenga baja). Adem\u00e1s de un sitio de N. dombeyi COI (coig\u00fce) y uno de N. alpina RAU (raul\u00ed).\"},{\"@type\":\"BreadcrumbList\",\"@id\":\"https:\/\/www.andex-rhp.org\/?p=4639#breadcrumb\",\"itemListElement\":[{\"@type\":\"ListItem\",\"position\":1,\"name\":\"Home\",\"item\":\"https:\/\/www.andex-rhp.org\/\"},{\"@type\":\"ListItem\",\"position\":2,\"name\":\"\u00bfC\u00f3mo crecen los \u00e1rboles de\u00a0Nothofagus\u00a0en los Andes Valdivianos (40\u00b0S) del sur de Chile?\"}]},{\"@type\":\"WebSite\",\"@id\":\"https:\/\/www.andex-rhp.org\/#website\",\"url\":\"https:\/\/www.andex-rhp.org\/\",\"name\":\"Programa Hidroclim\u00e1tico Regional para los Andes\",\"description\":\"ANDEX\",\"publisher\":{\"@id\":\"https:\/\/www.andex-rhp.org\/#organization\"},\"potentialAction\":[{\"@type\":\"SearchAction\",\"target\":{\"@type\":\"EntryPoint\",\"urlTemplate\":\"https:\/\/www.andex-rhp.org\/?s={search_term_string}\"},\"query-input\":{\"@type\":\"PropertyValueSpecification\",\"valueRequired\":true,\"valueName\":\"search_term_string\"}}],\"inLanguage\":\"en-US\"},{\"@type\":\"Organization\",\"@id\":\"https:\/\/www.andex-rhp.org\/#organization\",\"name\":\"Programa Hidroclim\u00e1tico Regional para los Andes\",\"url\":\"https:\/\/www.andex-rhp.org\/\",\"logo\":{\"@type\":\"ImageObject\",\"inLanguage\":\"en-US\",\"@id\":\"https:\/\/www.andex-rhp.org\/#\/schema\/logo\/image\/\",\"url\":\"https:\/\/www.andex-rhp.org\/wp-content\/uploads\/2024\/04\/cropped-cropped-logo_ANDEX_color_trans1.png\",\"contentUrl\":\"https:\/\/www.andex-rhp.org\/wp-content\/uploads\/2024\/04\/cropped-cropped-logo_ANDEX_color_trans1.png\",\"width\":555,\"height\":444,\"caption\":\"Programa Hidroclim\u00e1tico Regional para los Andes\"},\"image\":{\"@id\":\"https:\/\/www.andex-rhp.org\/#\/schema\/logo\/image\/\"}},{\"@type\":\"Person\",\"@id\":\"https:\/\/www.andex-rhp.org\/#\/schema\/person\/502e4f38fe30f00d8b101cd988a956fb\",\"name\":\"andex\",\"image\":{\"@type\":\"ImageObject\",\"inLanguage\":\"en-US\",\"@id\":\"https:\/\/www.andex-rhp.org\/#\/schema\/person\/image\/\",\"url\":\"https:\/\/secure.gravatar.com\/avatar\/23494ed4720f39176481de38bcdec2a13011e1321adeb3faa91d0e623a2a8587?s=96&d=mm&r=g\",\"contentUrl\":\"https:\/\/secure.gravatar.com\/avatar\/23494ed4720f39176481de38bcdec2a13011e1321adeb3faa91d0e623a2a8587?s=96&d=mm&r=g\",\"caption\":\"andex\"},\"url\":\"https:\/\/www.andex-rhp.org\/?author=2\"}]}<\/script>\n<!-- \/ Yoast SEO plugin. -->","yoast_head_json":{"title":"\u00bfC\u00f3mo crecen los \u00e1rboles de\u00a0Nothofagus\u00a0en los Andes Valdivianos (40\u00b0S) del sur de Chile? - Programa Hidroclim\u00e1tico Regional para los Andes","robots":{"index":"index","follow":"follow","max-snippet":"max-snippet:-1","max-image-preview":"max-image-preview:large","max-video-preview":"max-video-preview:-1"},"canonical":"https:\/\/www.andex-rhp.org\/?p=4639","og_locale":"en_US","og_type":"article","og_title":"\u00bfC\u00f3mo crecen los \u00e1rboles de\u00a0Nothofagus\u00a0en los Andes Valdivianos (40\u00b0S) del sur de Chile? - Programa Hidroclim\u00e1tico Regional para los Andes","og_description":"Por Claudio \u00c1lvarez*\/ Los bosques de alta altitud, por sobre los 1000 m en los Andes del sur de Sudam\u00e9rica, son especialmente sensibles a la variabilidad clim\u00e1tica. El aumento de la temperatura y la disminuci\u00f3n de las precipitaciones, tanto observadas como proyectadas, pueden alterar significativamente procesos ecol\u00f3gicos como el crecimiento radial de los \u00e1rboles. Este [&hellip;]","og_url":"https:\/\/www.andex-rhp.org\/?p=4639","og_site_name":"Programa Hidroclim\u00e1tico Regional para los Andes","article_published_time":"2025-07-23T14:01:01+00:00","article_modified_time":"2025-07-23T14:01:02+00:00","og_image":[{"width":1344,"height":791,"url":"https:\/\/www.andex-rhp.org\/wp-content\/uploads\/2025\/07\/ab-2.png","type":"image\/png"}],"author":"andex","twitter_card":"summary_large_image","twitter_misc":{"Written by":"andex","Est. reading time":"5 minutes"},"schema":{"@context":"https:\/\/schema.org","@graph":[{"@type":"Article","@id":"https:\/\/www.andex-rhp.org\/?p=4639#article","isPartOf":{"@id":"https:\/\/www.andex-rhp.org\/?p=4639"},"author":{"name":"andex","@id":"https:\/\/www.andex-rhp.org\/#\/schema\/person\/502e4f38fe30f00d8b101cd988a956fb"},"headline":"\u00bfC\u00f3mo crecen los \u00e1rboles de\u00a0Nothofagus\u00a0en los Andes Valdivianos (40\u00b0S) del sur de Chile?","datePublished":"2025-07-23T14:01:01+00:00","dateModified":"2025-07-23T14:01:02+00:00","mainEntityOfPage":{"@id":"https:\/\/www.andex-rhp.org\/?p=4639"},"wordCount":1000,"commentCount":0,"publisher":{"@id":"https:\/\/www.andex-rhp.org\/#organization"},"image":{"@id":"https:\/\/www.andex-rhp.org\/?p=4639#primaryimage"},"thumbnailUrl":"https:\/\/www.andex-rhp.org\/wp-content\/uploads\/2025\/07\/ab-2-1024x603.png","keywords":["Dendrocronolog\u00eda","Ecolog\u00eda","Variabilidad Clim\u00e1tica"],"articleSection":["Lecturas"],"inLanguage":"en-US","potentialAction":[{"@type":"CommentAction","name":"Comment","target":["https:\/\/www.andex-rhp.org\/?p=4639#respond"]}]},{"@type":"WebPage","@id":"https:\/\/www.andex-rhp.org\/?p=4639","url":"https:\/\/www.andex-rhp.org\/?p=4639","name":"\u00bfC\u00f3mo crecen los \u00e1rboles de\u00a0Nothofagus\u00a0en los Andes Valdivianos (40\u00b0S) del sur de Chile? - Programa Hidroclim\u00e1tico Regional para los Andes","isPartOf":{"@id":"https:\/\/www.andex-rhp.org\/#website"},"primaryImageOfPage":{"@id":"https:\/\/www.andex-rhp.org\/?p=4639#primaryimage"},"image":{"@id":"https:\/\/www.andex-rhp.org\/?p=4639#primaryimage"},"thumbnailUrl":"https:\/\/www.andex-rhp.org\/wp-content\/uploads\/2025\/07\/ab-2-1024x603.png","datePublished":"2025-07-23T14:01:01+00:00","dateModified":"2025-07-23T14:01:02+00:00","breadcrumb":{"@id":"https:\/\/www.andex-rhp.org\/?p=4639#breadcrumb"},"inLanguage":"en-US","potentialAction":[{"@type":"ReadAction","target":["https:\/\/www.andex-rhp.org\/?p=4639"]}]},{"@type":"ImageObject","inLanguage":"en-US","@id":"https:\/\/www.andex-rhp.org\/?p=4639#primaryimage","url":"https:\/\/www.andex-rhp.org\/wp-content\/uploads\/2025\/07\/ab-2.png","contentUrl":"https:\/\/www.andex-rhp.org\/wp-content\/uploads\/2025\/07\/ab-2.png","width":1344,"height":791,"caption":"Figura 1. A) Ubicaci\u00f3n del \u00e1rea de estudio (rect\u00e1ngulo rojo) cerca de los 40\u00b0S, en la vertiente noroccidental del volc\u00e1n Choshuenco en los Andes el sur de Sudam\u00e9rica. B) Vista panor\u00e1mica de la vertiente noroccidental del volc\u00e1n Choshuenco, con el rect\u00e1ngulo naranjo indicando el transecto altitudinal estudiado en los bosques de Nothofagus. Esta foto fue tomada en invierno, cuando lenga (Nothofagus pumilio) pierde sus hojas, lo que explica el tono gris\u00e1ceo en la parte superior del transecto. C) Transecto altitudinal de las cronolog\u00edas de ancho de anillos desarrolladas, entre los 1400 y 1000 m de altitud. Tres sitios de N. pumilio: LAL (lenga alta), LME (lenga media) y LBA (lenga baja). Adem\u00e1s de un sitio de N. dombeyi COI (coig\u00fce) y uno de N. alpina RAU (raul\u00ed)."},{"@type":"BreadcrumbList","@id":"https:\/\/www.andex-rhp.org\/?p=4639#breadcrumb","itemListElement":[{"@type":"ListItem","position":1,"name":"Home","item":"https:\/\/www.andex-rhp.org\/"},{"@type":"ListItem","position":2,"name":"\u00bfC\u00f3mo crecen los \u00e1rboles de\u00a0Nothofagus\u00a0en los Andes Valdivianos (40\u00b0S) del sur de Chile?"}]},{"@type":"WebSite","@id":"https:\/\/www.andex-rhp.org\/#website","url":"https:\/\/www.andex-rhp.org\/","name":"Programa Hidroclim\u00e1tico Regional para los Andes","description":"ANDEX","publisher":{"@id":"https:\/\/www.andex-rhp.org\/#organization"},"potentialAction":[{"@type":"SearchAction","target":{"@type":"EntryPoint","urlTemplate":"https:\/\/www.andex-rhp.org\/?s={search_term_string}"},"query-input":{"@type":"PropertyValueSpecification","valueRequired":true,"valueName":"search_term_string"}}],"inLanguage":"en-US"},{"@type":"Organization","@id":"https:\/\/www.andex-rhp.org\/#organization","name":"Programa Hidroclim\u00e1tico Regional para los Andes","url":"https:\/\/www.andex-rhp.org\/","logo":{"@type":"ImageObject","inLanguage":"en-US","@id":"https:\/\/www.andex-rhp.org\/#\/schema\/logo\/image\/","url":"https:\/\/www.andex-rhp.org\/wp-content\/uploads\/2024\/04\/cropped-cropped-logo_ANDEX_color_trans1.png","contentUrl":"https:\/\/www.andex-rhp.org\/wp-content\/uploads\/2024\/04\/cropped-cropped-logo_ANDEX_color_trans1.png","width":555,"height":444,"caption":"Programa Hidroclim\u00e1tico Regional para los Andes"},"image":{"@id":"https:\/\/www.andex-rhp.org\/#\/schema\/logo\/image\/"}},{"@type":"Person","@id":"https:\/\/www.andex-rhp.org\/#\/schema\/person\/502e4f38fe30f00d8b101cd988a956fb","name":"andex","image":{"@type":"ImageObject","inLanguage":"en-US","@id":"https:\/\/www.andex-rhp.org\/#\/schema\/person\/image\/","url":"https:\/\/secure.gravatar.com\/avatar\/23494ed4720f39176481de38bcdec2a13011e1321adeb3faa91d0e623a2a8587?s=96&d=mm&r=g","contentUrl":"https:\/\/secure.gravatar.com\/avatar\/23494ed4720f39176481de38bcdec2a13011e1321adeb3faa91d0e623a2a8587?s=96&d=mm&r=g","caption":"andex"},"url":"https:\/\/www.andex-rhp.org\/?author=2"}]}},"_links":{"self":[{"href":"https:\/\/www.andex-rhp.org\/index.php?rest_route=\/wp\/v2\/posts\/4639","targetHints":{"allow":["GET"]}}],"collection":[{"href":"https:\/\/www.andex-rhp.org\/index.php?rest_route=\/wp\/v2\/posts"}],"about":[{"href":"https:\/\/www.andex-rhp.org\/index.php?rest_route=\/wp\/v2\/types\/post"}],"author":[{"embeddable":true,"href":"https:\/\/www.andex-rhp.org\/index.php?rest_route=\/wp\/v2\/users\/2"}],"replies":[{"embeddable":true,"href":"https:\/\/www.andex-rhp.org\/index.php?rest_route=%2Fwp%2Fv2%2Fcomments&post=4639"}],"version-history":[{"count":2,"href":"https:\/\/www.andex-rhp.org\/index.php?rest_route=\/wp\/v2\/posts\/4639\/revisions"}],"predecessor-version":[{"id":4641,"href":"https:\/\/www.andex-rhp.org\/index.php?rest_route=\/wp\/v2\/posts\/4639\/revisions\/4641"}],"wp:attachment":[{"href":"https:\/\/www.andex-rhp.org\/index.php?rest_route=%2Fwp%2Fv2%2Fmedia&parent=4639"}],"wp:term":[{"taxonomy":"category","embeddable":true,"href":"https:\/\/www.andex-rhp.org\/index.php?rest_route=%2Fwp%2Fv2%2Fcategories&post=4639"},{"taxonomy":"post_tag","embeddable":true,"href":"https:\/\/www.andex-rhp.org\/index.php?rest_route=%2Fwp%2Fv2%2Ftags&post=4639"}],"curies":[{"name":"wp","href":"https:\/\/api.w.org\/{rel}","templated":true}]}}