{"id":4632,"date":"2025-07-16T00:24:02","date_gmt":"2025-07-16T00:24:02","guid":{"rendered":"https:\/\/www.andex-rhp.org\/?p=4632"},"modified":"2025-07-16T00:24:03","modified_gmt":"2025-07-16T00:24:03","slug":"el-rio-que-cayo-del-cielo-y-que-dejo-su-huella-en-los-glaciares-de-chile-central","status":"publish","type":"post","link":"https:\/\/www.andex-rhp.org\/?p=4632","title":{"rendered":"El r\u00edo que cay\u00f3 del cielo (y que dej\u00f3 su huella en los glaciares de Chile central)"},"content":{"rendered":"\n<p><strong>Por Claudio Bravo*<\/strong>\/<\/p>\n\n\n\n<p>Los r\u00edos atmosf\u00e9ricos son bandas alargadas y estrechas de vapor de agua con origen en latitudes bajas, a menudo situados delante de frentes fr\u00edos y que al llegar al continente (e incluso a la Pen\u00ednsula Ant\u00e1rtica) descargan su vapor como precipitaci\u00f3n. Suelen generar precipitaciones intensas en las laderas occidentales de los Andes, por lo que adem\u00e1s tienen influencia sobre el balance de masa de los glaciares. Esta influencia se manifiesta en la superficie glaciar mediante eventos de acumulaci\u00f3n y\/o derretimiento, esto \u00faltimo debido al transporte de calor de los r\u00edos atmosf\u00e9ricos. El impacto depender\u00e1 de las caracter\u00edsticas sin\u00f3pticas de cada r\u00edo atmosf\u00e9rico, as\u00ed como de la localizaci\u00f3n de los glaciares.&nbsp;<\/p>\n\n\n\n<p>A finales de enero de 2021, un rio atmosf\u00e9rico impact\u00f3 en los Andes subtropicales (Figura 1a). Los montos de precipitaci\u00f3n resultaron inusuales para la \u00e9poca del a\u00f1o (Figura 1b). Im\u00e1genes satelitales, re-an\u00e1lisis clim\u00e1ticos y datos de radiosonda, permitieron caracterizar este evento y su impacto general en los glaciares de la cuenca del r\u00edo Maipo (33\u00b0S). Adem\u00e1s, observaciones meteorol\u00f3gicas disponibles en la sub-cuenca del r\u00edo Olivares (Figura 1c) se usaron para forzar un modelo de balance de masa con el objetivo de cuantificar el impacto de este evento en el glaciar Olivares-Alfa, ubicado entre 4300 y 4700 m s.n.m. (Figura 1c y 1d). Antes del evento, el a\u00f1o hidrol\u00f3gico 2020\/21 estuvo caracterizado por precipitaciones invernales debajo de lo normal, t\u00edpicas de las condiciones de La Ni\u00f1a y marcado por una alta l\u00ednea de nieve durante la primavera y parte del verano austral (Figura 2a). Durante el evento, la isoterma de 0 \u00b0C en la cuenca del Maipo se situ\u00f3 en torno a los 3250 m s.n.m. lo que, junto con la intensa precipitaci\u00f3n, determin\u00f3 una importante tasa de acumulaci\u00f3n de nieve. Como consecuencia, la altitud de la l\u00ednea de nieve post-evento se estim\u00f3 en torno a 2500 m s.n.m., es decir, bajo pr\u00e1cticamente toda la superficie de glaciares existentes en la cuenca del Maipo (Figura 2a).<\/p>\n\n\n\n<figure class=\"wp-block-image size-large\"><img fetchpriority=\"high\" decoding=\"async\" width=\"1024\" height=\"734\" src=\"https:\/\/www.andex-rhp.org\/wp-content\/uploads\/2025\/07\/Figura1-1024x734.png\" alt=\"Figura 1. (a) Presi\u00f3n a nivel del mar (l\u00edneas, en hPa) y transporte de vapor integrado (IVT, sombreado, en kg m-1 s-1) a las 12:00 UTC del 29 de enero de 2021. (b) Precipitaci\u00f3n total acumulada desde las 00:00 UTC del 27 de enero hasta las 00:00 UTC del 1 de febrero de 2021 (sombreado, en mm). Los c\u00edrculos de color en la costa del Pac\u00edfico muestran la escala del rio atmosf\u00e9rico (Ralph et al., 2019). La estrella negra indica la ubicaci\u00f3n de la cuenca del r\u00edo Maipo. (c) Glaciares (color celeste) de la sub-cuenca del r\u00edo Olivares y la ubicaci\u00f3n de la estaci\u00f3n meteorol\u00f3gica autom\u00e1tica (AWSOA, color magenta) y el pluvi\u00f3metro (GEONOR, color naranja) cerca del glaciar Olivares Alfa (en azul oscuro). El recuadro superior proporciona el contexto regional de la cuenca del r\u00edo Maipo en Sudam\u00e9rica, y el recuadro inferior resalta la cuenca del Maipo (l\u00ednea negra) y la subcuenca del r\u00edo Olivares (l\u00ednea naranja). SCSN (Santo Domingo) corresponde al sitio desde donde se lanzan las radiosondas. Las curvas de nivel se derivan del modelo digital de elevaci\u00f3n (DEM) AW3D30. (d) muestra una fotograf\u00eda tomada el 5 de febrero de 2015 por Claudio Bravo, con una vista detallada del Glaciar Olivares Alfa.\" class=\"wp-image-4634\" srcset=\"https:\/\/www.andex-rhp.org\/wp-content\/uploads\/2025\/07\/Figura1-1024x734.png 1024w, https:\/\/www.andex-rhp.org\/wp-content\/uploads\/2025\/07\/Figura1-300x215.png 300w, https:\/\/www.andex-rhp.org\/wp-content\/uploads\/2025\/07\/Figura1-768x550.png 768w, https:\/\/www.andex-rhp.org\/wp-content\/uploads\/2025\/07\/Figura1.png 1027w\" sizes=\"(max-width: 1024px) 100vw, 1024px\" \/><figcaption class=\"wp-element-caption\">Figura 1. (a) Presi\u00f3n a nivel del mar (l\u00edneas, en hPa) y transporte de vapor integrado (IVT, sombreado, en kg m-1 s-1) a las 12:00 UTC del 29 de enero de 2021. (b) Precipitaci\u00f3n total acumulada desde las 00:00 UTC del 27 de enero hasta las 00:00 UTC del 1 de febrero de 2021 (sombreado, en mm). Los c\u00edrculos de color en la costa del Pac\u00edfico muestran la escala del rio atmosf\u00e9rico (Ralph et al., 2019). La estrella negra indica la ubicaci\u00f3n de la cuenca del r\u00edo Maipo. (c) Glaciares (color celeste) de la sub-cuenca del r\u00edo Olivares y la ubicaci\u00f3n de la estaci\u00f3n meteorol\u00f3gica autom\u00e1tica (AWSOA, color magenta) y el pluvi\u00f3metro (GEONOR, color naranja) cerca del glaciar Olivares Alfa (en azul oscuro). El recuadro superior proporciona el contexto regional de la cuenca del r\u00edo Maipo en Sudam\u00e9rica, y el recuadro inferior resalta la cuenca del Maipo (l\u00ednea negra) y la subcuenca del r\u00edo Olivares (l\u00ednea naranja). SCSN (Santo Domingo) corresponde al sitio desde donde se lanzan las radiosondas. Las curvas de nivel se derivan del modelo digital de elevaci\u00f3n (DEM) AW3D30. (d) muestra una fotograf\u00eda tomada el 5 de febrero de 2015 por Claudio Bravo, con una vista detallada del Glaciar Olivares Alfa.\n<\/figcaption><\/figure>\n\n\n\n<p>Hasta el d\u00eda del evento, el modelo de balance de masa para el glaciar Olivares-Alfa mostraba un comportamiento hacia un valor negativo (Figura 2b), similar a la mayor\u00eda de los a\u00f1os de la \u00faltima d\u00e9cada marcada por la mega-sequ\u00eda. Este evento, cambi\u00f3 este comportamiento, y el balance de masa alcanz\u00f3 una magnitud cercana al equilibrio (Figura 2b). En el contexto de siete a\u00f1os hidrol\u00f3gicos simulados (de 2014\/15 a 2020\/21), el balance de masa anual del a\u00f1o 2020\/21 se asemej\u00f3 a los observados en a\u00f1os anteriores bajo condiciones El Ni\u00f1o, lo que subraya c\u00f3mo un evento de acumulaci\u00f3n extraordinario puede contrarrestar las respuestas esperadas a factores clim\u00e1ticos de gran escala como ENSO.<\/p>\n\n\n\n<figure class=\"wp-block-image size-large\"><img decoding=\"async\" width=\"1024\" height=\"890\" src=\"https:\/\/www.andex-rhp.org\/wp-content\/uploads\/2025\/07\/Figura2-1024x890.png\" alt=\"Figura 2. (a) Serie temporal de la l\u00ednea de nieve en la cuenca del r\u00edo Maipo para todos los a\u00f1os hidrol\u00f3gicos entre 2001 y 2019 (cruces grises) y 2020-2021 (rombos negros). Se indica la altitud m\u00ednima de la l\u00ednea de nieve alcanzada despu\u00e9s del evento (2463 m s.n.m.). (b) Balance de masa acumulado del glaciar Olivares Alfa durante siete a\u00f1os hidrol\u00f3gicos (de 2014-2015 a 2020-2021). En celeste se muestra el evento, 28 al 31 de enero de 2021.\" class=\"wp-image-4635\" srcset=\"https:\/\/www.andex-rhp.org\/wp-content\/uploads\/2025\/07\/Figura2-1024x890.png 1024w, https:\/\/www.andex-rhp.org\/wp-content\/uploads\/2025\/07\/Figura2-300x261.png 300w, https:\/\/www.andex-rhp.org\/wp-content\/uploads\/2025\/07\/Figura2-768x667.png 768w, https:\/\/www.andex-rhp.org\/wp-content\/uploads\/2025\/07\/Figura2.png 1092w\" sizes=\"(max-width: 1024px) 100vw, 1024px\" \/><figcaption class=\"wp-element-caption\">Figura 2. (a) Serie temporal de la l\u00ednea de nieve en la cuenca del r\u00edo Maipo para todos los a\u00f1os hidrol\u00f3gicos entre 2001 y 2019 (cruces grises) y 2020-2021 (rombos negros). Se indica la altitud m\u00ednima de la l\u00ednea de nieve alcanzada despu\u00e9s del evento (2463 m s.n.m.). (b) Balance de masa acumulado del glaciar Olivares Alfa durante siete a\u00f1os hidrol\u00f3gicos (de 2014-2015 a 2020-2021). En celeste se muestra el evento, 28 al 31 de enero de 2021.\n<\/figcaption><\/figure>\n\n\n\n<p>La ocurrencia de eventos r\u00edos atmosf\u00e9ricos, ya sea que provoquen acumulaci\u00f3n o derretimiento, presentar\u00e1 nuevos desaf\u00edos en nuestra forma de analizar los datos de balance de masa glaciar, lo que requerir\u00e1 m\u00e1s campa\u00f1as, observaciones de balance de masa m\u00e1s completas y mayores esfuerzos en la modelamiento para comprender mejor la variabilidad espaciotemporal y los impactos de estos eventos extremos en la respuesta de los glaciares. Ello con el fin de mejorar la comprensi\u00f3n del impacto de eventos extremos en la cri\u00f3sfera de los Andes y sus consecuencias para la seguridad h\u00eddrica.<\/p>\n\n\n\n<hr class=\"wp-block-separator has-alpha-channel-opacity\"\/>\n\n\n\n<p>*Centro de Estudios Cient\u00edficos, Valdivia, Chile.<\/p>\n\n\n\n<hr class=\"wp-block-separator has-alpha-channel-opacity\"\/>\n\n\n\n<p><sup>1<\/sup>Bravo, C., Cisternas, S., Viale, M., Paredes, P., Bozkurt, D., and Garc\u00eda-Lee, N.: An unseasonal atmospheric river drives anomalous summer snow accumulation on glaciers of the subtropical Andes, The Cryosphere, 19, 1897\u20131913, <a href=\"https:\/\/doi.org\/10.5194\/tc-19-1897-2025\">https:\/\/doi.org\/10.5194\/tc-19-1897-2025<\/a>, 2025.<br><br><\/p>\n","protected":false},"excerpt":{"rendered":"<p>Por Claudio Bravo*\/ Los r\u00edos atmosf\u00e9ricos son bandas alargadas y estrechas de vapor de agua con origen en latitudes bajas, a menudo situados delante de frentes fr\u00edos y que al llegar al continente (e incluso a la Pen\u00ednsula Ant\u00e1rtica) descargan su vapor como precipitaci\u00f3n. Suelen generar precipitaciones intensas en las laderas occidentales de los Andes, [&hellip;]<\/p>\n","protected":false},"author":2,"featured_media":0,"comment_status":"open","ping_status":"open","sticky":false,"template":"","format":"standard","meta":{"ocean_post_layout":"","ocean_both_sidebars_style":"","ocean_both_sidebars_content_width":0,"ocean_both_sidebars_sidebars_width":0,"ocean_sidebar":"","ocean_second_sidebar":"","ocean_disable_margins":"enable","ocean_add_body_class":"","ocean_shortcode_before_top_bar":"","ocean_shortcode_after_top_bar":"","ocean_shortcode_before_header":"","ocean_shortcode_after_header":"","ocean_has_shortcode":"","ocean_shortcode_after_title":"","ocean_shortcode_before_footer_widgets":"","ocean_shortcode_after_footer_widgets":"","ocean_shortcode_before_footer_bottom":"","ocean_shortcode_after_footer_bottom":"","ocean_display_top_bar":"default","ocean_display_header":"default","ocean_header_style":"","ocean_center_header_left_menu":"","ocean_custom_header_template":"","ocean_custom_logo":0,"ocean_custom_retina_logo":0,"ocean_custom_logo_max_width":0,"ocean_custom_logo_tablet_max_width":0,"ocean_custom_logo_mobile_max_width":0,"ocean_custom_logo_max_height":0,"ocean_custom_logo_tablet_max_height":0,"ocean_custom_logo_mobile_max_height":0,"ocean_header_custom_menu":"","ocean_menu_typo_font_family":"","ocean_menu_typo_font_subset":"","ocean_menu_typo_font_size":0,"ocean_menu_typo_font_size_tablet":0,"ocean_menu_typo_font_size_mobile":0,"ocean_menu_typo_font_size_unit":"px","ocean_menu_typo_font_weight":"","ocean_menu_typo_font_weight_tablet":"","ocean_menu_typo_font_weight_mobile":"","ocean_menu_typo_transform":"","ocean_menu_typo_transform_tablet":"","ocean_menu_typo_transform_mobile":"","ocean_menu_typo_line_height":0,"ocean_menu_typo_line_height_tablet":0,"ocean_menu_typo_line_height_mobile":0,"ocean_menu_typo_line_height_unit":"","ocean_menu_typo_spacing":0,"ocean_menu_typo_spacing_tablet":0,"ocean_menu_typo_spacing_mobile":0,"ocean_menu_typo_spacing_unit":"","ocean_menu_link_color":"","ocean_menu_link_color_hover":"","ocean_menu_link_color_active":"","ocean_menu_link_background":"","ocean_menu_link_hover_background":"","ocean_menu_link_active_background":"","ocean_menu_social_links_bg":"","ocean_menu_social_hover_links_bg":"","ocean_menu_social_links_color":"","ocean_menu_social_hover_links_color":"","ocean_disable_title":"default","ocean_disable_heading":"default","ocean_post_title":"","ocean_post_subheading":"","ocean_post_title_style":"","ocean_post_title_background_color":"","ocean_post_title_background":0,"ocean_post_title_bg_image_position":"","ocean_post_title_bg_image_attachment":"","ocean_post_title_bg_image_repeat":"","ocean_post_title_bg_image_size":"","ocean_post_title_height":0,"ocean_post_title_bg_overlay":0.5,"ocean_post_title_bg_overlay_color":"","ocean_disable_breadcrumbs":"default","ocean_breadcrumbs_color":"","ocean_breadcrumbs_separator_color":"","ocean_breadcrumbs_links_color":"","ocean_breadcrumbs_links_hover_color":"","ocean_display_footer_widgets":"default","ocean_display_footer_bottom":"default","ocean_custom_footer_template":"","ocean_post_oembed":"","ocean_post_self_hosted_media":"","ocean_post_video_embed":"","ocean_link_format":"","ocean_link_format_target":"self","ocean_quote_format":"","ocean_quote_format_link":"post","ocean_gallery_link_images":"on","ocean_gallery_id":[],"footnotes":""},"categories":[16],"tags":[37,41,157,156],"class_list":["post-4632","post","type-post","status-publish","format-standard","hentry","category-lecturas","tag-chile","tag-glaciares","tag-masa-glaciar","tag-rios-atmosfericos","entry"],"yoast_head":"<!-- This site is optimized with the Yoast SEO plugin v26.8 - https:\/\/yoast.com\/product\/yoast-seo-wordpress\/ -->\n<title>El r\u00edo que cay\u00f3 del cielo (y que dej\u00f3 su huella en los glaciares de Chile central) - Programa Hidroclim\u00e1tico Regional para los Andes<\/title>\n<meta name=\"robots\" content=\"index, follow, max-snippet:-1, max-image-preview:large, max-video-preview:-1\" \/>\n<link rel=\"canonical\" href=\"https:\/\/www.andex-rhp.org\/?p=4632\" \/>\n<meta property=\"og:locale\" content=\"en_US\" \/>\n<meta property=\"og:type\" content=\"article\" \/>\n<meta property=\"og:title\" content=\"El r\u00edo que cay\u00f3 del cielo (y que dej\u00f3 su huella en los glaciares de Chile central) - Programa Hidroclim\u00e1tico Regional para los Andes\" \/>\n<meta property=\"og:description\" content=\"Por Claudio Bravo*\/ Los r\u00edos atmosf\u00e9ricos son bandas alargadas y estrechas de vapor de agua con origen en latitudes bajas, a menudo situados delante de frentes fr\u00edos y que al llegar al continente (e incluso a la Pen\u00ednsula Ant\u00e1rtica) descargan su vapor como precipitaci\u00f3n. Suelen generar precipitaciones intensas en las laderas occidentales de los Andes, [&hellip;]\" \/>\n<meta property=\"og:url\" content=\"https:\/\/www.andex-rhp.org\/?p=4632\" \/>\n<meta property=\"og:site_name\" content=\"Programa Hidroclim\u00e1tico Regional para los Andes\" \/>\n<meta property=\"article:published_time\" content=\"2025-07-16T00:24:02+00:00\" \/>\n<meta property=\"article:modified_time\" content=\"2025-07-16T00:24:03+00:00\" \/>\n<meta property=\"og:image\" content=\"https:\/\/www.andex-rhp.org\/wp-content\/uploads\/2025\/07\/Figura1.png\" \/>\n\t<meta property=\"og:image:width\" content=\"1027\" \/>\n\t<meta property=\"og:image:height\" content=\"736\" \/>\n\t<meta property=\"og:image:type\" content=\"image\/png\" \/>\n<meta name=\"author\" content=\"andex\" \/>\n<meta name=\"twitter:card\" content=\"summary_large_image\" \/>\n<meta name=\"twitter:label1\" content=\"Written by\" \/>\n\t<meta name=\"twitter:data1\" content=\"andex\" \/>\n\t<meta name=\"twitter:label2\" content=\"Est. reading time\" \/>\n\t<meta name=\"twitter:data2\" content=\"5 minutes\" \/>\n<script type=\"application\/ld+json\" class=\"yoast-schema-graph\">{\"@context\":\"https:\/\/schema.org\",\"@graph\":[{\"@type\":\"Article\",\"@id\":\"https:\/\/www.andex-rhp.org\/?p=4632#article\",\"isPartOf\":{\"@id\":\"https:\/\/www.andex-rhp.org\/?p=4632\"},\"author\":{\"name\":\"andex\",\"@id\":\"https:\/\/www.andex-rhp.org\/#\/schema\/person\/502e4f38fe30f00d8b101cd988a956fb\"},\"headline\":\"El r\u00edo que cay\u00f3 del cielo (y que dej\u00f3 su huella en los glaciares de Chile central)\",\"datePublished\":\"2025-07-16T00:24:02+00:00\",\"dateModified\":\"2025-07-16T00:24:03+00:00\",\"mainEntityOfPage\":{\"@id\":\"https:\/\/www.andex-rhp.org\/?p=4632\"},\"wordCount\":943,\"commentCount\":0,\"publisher\":{\"@id\":\"https:\/\/www.andex-rhp.org\/#organization\"},\"image\":{\"@id\":\"https:\/\/www.andex-rhp.org\/?p=4632#primaryimage\"},\"thumbnailUrl\":\"https:\/\/www.andex-rhp.org\/wp-content\/uploads\/2025\/07\/Figura1-1024x734.png\",\"keywords\":[\"Chile\",\"Glaciares\",\"Masa glaciar\",\"R\u00edos atmosf\u00e9ricos\"],\"articleSection\":[\"Lecturas\"],\"inLanguage\":\"en-US\",\"potentialAction\":[{\"@type\":\"CommentAction\",\"name\":\"Comment\",\"target\":[\"https:\/\/www.andex-rhp.org\/?p=4632#respond\"]}]},{\"@type\":\"WebPage\",\"@id\":\"https:\/\/www.andex-rhp.org\/?p=4632\",\"url\":\"https:\/\/www.andex-rhp.org\/?p=4632\",\"name\":\"El r\u00edo que cay\u00f3 del cielo (y que dej\u00f3 su huella en los glaciares de Chile central) - Programa Hidroclim\u00e1tico Regional para los Andes\",\"isPartOf\":{\"@id\":\"https:\/\/www.andex-rhp.org\/#website\"},\"primaryImageOfPage\":{\"@id\":\"https:\/\/www.andex-rhp.org\/?p=4632#primaryimage\"},\"image\":{\"@id\":\"https:\/\/www.andex-rhp.org\/?p=4632#primaryimage\"},\"thumbnailUrl\":\"https:\/\/www.andex-rhp.org\/wp-content\/uploads\/2025\/07\/Figura1-1024x734.png\",\"datePublished\":\"2025-07-16T00:24:02+00:00\",\"dateModified\":\"2025-07-16T00:24:03+00:00\",\"breadcrumb\":{\"@id\":\"https:\/\/www.andex-rhp.org\/?p=4632#breadcrumb\"},\"inLanguage\":\"en-US\",\"potentialAction\":[{\"@type\":\"ReadAction\",\"target\":[\"https:\/\/www.andex-rhp.org\/?p=4632\"]}]},{\"@type\":\"ImageObject\",\"inLanguage\":\"en-US\",\"@id\":\"https:\/\/www.andex-rhp.org\/?p=4632#primaryimage\",\"url\":\"https:\/\/www.andex-rhp.org\/wp-content\/uploads\/2025\/07\/Figura1.png\",\"contentUrl\":\"https:\/\/www.andex-rhp.org\/wp-content\/uploads\/2025\/07\/Figura1.png\",\"width\":1027,\"height\":736,\"caption\":\"Figura 1. (a) Presi\u00f3n a nivel del mar (l\u00edneas, en hPa) y transporte de vapor integrado (IVT, sombreado, en kg m-1 s-1) a las 12:00 UTC del 29 de enero de 2021. (b) Precipitaci\u00f3n total acumulada desde las 00:00 UTC del 27 de enero hasta las 00:00 UTC del 1 de febrero de 2021 (sombreado, en mm). Los c\u00edrculos de color en la costa del Pac\u00edfico muestran la escala del rio atmosf\u00e9rico (Ralph et al., 2019). La estrella negra indica la ubicaci\u00f3n de la cuenca del r\u00edo Maipo. (c) Glaciares (color celeste) de la sub-cuenca del r\u00edo Olivares y la ubicaci\u00f3n de la estaci\u00f3n meteorol\u00f3gica autom\u00e1tica (AWSOA, color magenta) y el pluvi\u00f3metro (GEONOR, color naranja) cerca del glaciar Olivares Alfa (en azul oscuro). El recuadro superior proporciona el contexto regional de la cuenca del r\u00edo Maipo en Sudam\u00e9rica, y el recuadro inferior resalta la cuenca del Maipo (l\u00ednea negra) y la subcuenca del r\u00edo Olivares (l\u00ednea naranja). SCSN (Santo Domingo) corresponde al sitio desde donde se lanzan las radiosondas. Las curvas de nivel se derivan del modelo digital de elevaci\u00f3n (DEM) AW3D30. (d) muestra una fotograf\u00eda tomada el 5 de febrero de 2015 por Claudio Bravo, con una vista detallada del Glaciar Olivares Alfa.\"},{\"@type\":\"BreadcrumbList\",\"@id\":\"https:\/\/www.andex-rhp.org\/?p=4632#breadcrumb\",\"itemListElement\":[{\"@type\":\"ListItem\",\"position\":1,\"name\":\"Home\",\"item\":\"https:\/\/www.andex-rhp.org\/\"},{\"@type\":\"ListItem\",\"position\":2,\"name\":\"El r\u00edo que cay\u00f3 del cielo (y que dej\u00f3 su huella en los glaciares de Chile central)\"}]},{\"@type\":\"WebSite\",\"@id\":\"https:\/\/www.andex-rhp.org\/#website\",\"url\":\"https:\/\/www.andex-rhp.org\/\",\"name\":\"Programa Hidroclim\u00e1tico Regional para los Andes\",\"description\":\"ANDEX\",\"publisher\":{\"@id\":\"https:\/\/www.andex-rhp.org\/#organization\"},\"potentialAction\":[{\"@type\":\"SearchAction\",\"target\":{\"@type\":\"EntryPoint\",\"urlTemplate\":\"https:\/\/www.andex-rhp.org\/?s={search_term_string}\"},\"query-input\":{\"@type\":\"PropertyValueSpecification\",\"valueRequired\":true,\"valueName\":\"search_term_string\"}}],\"inLanguage\":\"en-US\"},{\"@type\":\"Organization\",\"@id\":\"https:\/\/www.andex-rhp.org\/#organization\",\"name\":\"Programa Hidroclim\u00e1tico Regional para los Andes\",\"url\":\"https:\/\/www.andex-rhp.org\/\",\"logo\":{\"@type\":\"ImageObject\",\"inLanguage\":\"en-US\",\"@id\":\"https:\/\/www.andex-rhp.org\/#\/schema\/logo\/image\/\",\"url\":\"https:\/\/www.andex-rhp.org\/wp-content\/uploads\/2024\/04\/cropped-cropped-logo_ANDEX_color_trans1.png\",\"contentUrl\":\"https:\/\/www.andex-rhp.org\/wp-content\/uploads\/2024\/04\/cropped-cropped-logo_ANDEX_color_trans1.png\",\"width\":555,\"height\":444,\"caption\":\"Programa Hidroclim\u00e1tico Regional para los Andes\"},\"image\":{\"@id\":\"https:\/\/www.andex-rhp.org\/#\/schema\/logo\/image\/\"}},{\"@type\":\"Person\",\"@id\":\"https:\/\/www.andex-rhp.org\/#\/schema\/person\/502e4f38fe30f00d8b101cd988a956fb\",\"name\":\"andex\",\"image\":{\"@type\":\"ImageObject\",\"inLanguage\":\"en-US\",\"@id\":\"https:\/\/www.andex-rhp.org\/#\/schema\/person\/image\/\",\"url\":\"https:\/\/secure.gravatar.com\/avatar\/23494ed4720f39176481de38bcdec2a13011e1321adeb3faa91d0e623a2a8587?s=96&d=mm&r=g\",\"contentUrl\":\"https:\/\/secure.gravatar.com\/avatar\/23494ed4720f39176481de38bcdec2a13011e1321adeb3faa91d0e623a2a8587?s=96&d=mm&r=g\",\"caption\":\"andex\"},\"url\":\"https:\/\/www.andex-rhp.org\/?author=2\"}]}<\/script>\n<!-- \/ Yoast SEO plugin. -->","yoast_head_json":{"title":"El r\u00edo que cay\u00f3 del cielo (y que dej\u00f3 su huella en los glaciares de Chile central) - Programa Hidroclim\u00e1tico Regional para los Andes","robots":{"index":"index","follow":"follow","max-snippet":"max-snippet:-1","max-image-preview":"max-image-preview:large","max-video-preview":"max-video-preview:-1"},"canonical":"https:\/\/www.andex-rhp.org\/?p=4632","og_locale":"en_US","og_type":"article","og_title":"El r\u00edo que cay\u00f3 del cielo (y que dej\u00f3 su huella en los glaciares de Chile central) - Programa Hidroclim\u00e1tico Regional para los Andes","og_description":"Por Claudio Bravo*\/ Los r\u00edos atmosf\u00e9ricos son bandas alargadas y estrechas de vapor de agua con origen en latitudes bajas, a menudo situados delante de frentes fr\u00edos y que al llegar al continente (e incluso a la Pen\u00ednsula Ant\u00e1rtica) descargan su vapor como precipitaci\u00f3n. Suelen generar precipitaciones intensas en las laderas occidentales de los Andes, [&hellip;]","og_url":"https:\/\/www.andex-rhp.org\/?p=4632","og_site_name":"Programa Hidroclim\u00e1tico Regional para los Andes","article_published_time":"2025-07-16T00:24:02+00:00","article_modified_time":"2025-07-16T00:24:03+00:00","og_image":[{"width":1027,"height":736,"url":"https:\/\/www.andex-rhp.org\/wp-content\/uploads\/2025\/07\/Figura1.png","type":"image\/png"}],"author":"andex","twitter_card":"summary_large_image","twitter_misc":{"Written by":"andex","Est. reading time":"5 minutes"},"schema":{"@context":"https:\/\/schema.org","@graph":[{"@type":"Article","@id":"https:\/\/www.andex-rhp.org\/?p=4632#article","isPartOf":{"@id":"https:\/\/www.andex-rhp.org\/?p=4632"},"author":{"name":"andex","@id":"https:\/\/www.andex-rhp.org\/#\/schema\/person\/502e4f38fe30f00d8b101cd988a956fb"},"headline":"El r\u00edo que cay\u00f3 del cielo (y que dej\u00f3 su huella en los glaciares de Chile central)","datePublished":"2025-07-16T00:24:02+00:00","dateModified":"2025-07-16T00:24:03+00:00","mainEntityOfPage":{"@id":"https:\/\/www.andex-rhp.org\/?p=4632"},"wordCount":943,"commentCount":0,"publisher":{"@id":"https:\/\/www.andex-rhp.org\/#organization"},"image":{"@id":"https:\/\/www.andex-rhp.org\/?p=4632#primaryimage"},"thumbnailUrl":"https:\/\/www.andex-rhp.org\/wp-content\/uploads\/2025\/07\/Figura1-1024x734.png","keywords":["Chile","Glaciares","Masa glaciar","R\u00edos atmosf\u00e9ricos"],"articleSection":["Lecturas"],"inLanguage":"en-US","potentialAction":[{"@type":"CommentAction","name":"Comment","target":["https:\/\/www.andex-rhp.org\/?p=4632#respond"]}]},{"@type":"WebPage","@id":"https:\/\/www.andex-rhp.org\/?p=4632","url":"https:\/\/www.andex-rhp.org\/?p=4632","name":"El r\u00edo que cay\u00f3 del cielo (y que dej\u00f3 su huella en los glaciares de Chile central) - Programa Hidroclim\u00e1tico Regional para los Andes","isPartOf":{"@id":"https:\/\/www.andex-rhp.org\/#website"},"primaryImageOfPage":{"@id":"https:\/\/www.andex-rhp.org\/?p=4632#primaryimage"},"image":{"@id":"https:\/\/www.andex-rhp.org\/?p=4632#primaryimage"},"thumbnailUrl":"https:\/\/www.andex-rhp.org\/wp-content\/uploads\/2025\/07\/Figura1-1024x734.png","datePublished":"2025-07-16T00:24:02+00:00","dateModified":"2025-07-16T00:24:03+00:00","breadcrumb":{"@id":"https:\/\/www.andex-rhp.org\/?p=4632#breadcrumb"},"inLanguage":"en-US","potentialAction":[{"@type":"ReadAction","target":["https:\/\/www.andex-rhp.org\/?p=4632"]}]},{"@type":"ImageObject","inLanguage":"en-US","@id":"https:\/\/www.andex-rhp.org\/?p=4632#primaryimage","url":"https:\/\/www.andex-rhp.org\/wp-content\/uploads\/2025\/07\/Figura1.png","contentUrl":"https:\/\/www.andex-rhp.org\/wp-content\/uploads\/2025\/07\/Figura1.png","width":1027,"height":736,"caption":"Figura 1. (a) Presi\u00f3n a nivel del mar (l\u00edneas, en hPa) y transporte de vapor integrado (IVT, sombreado, en kg m-1 s-1) a las 12:00 UTC del 29 de enero de 2021. (b) Precipitaci\u00f3n total acumulada desde las 00:00 UTC del 27 de enero hasta las 00:00 UTC del 1 de febrero de 2021 (sombreado, en mm). Los c\u00edrculos de color en la costa del Pac\u00edfico muestran la escala del rio atmosf\u00e9rico (Ralph et al., 2019). La estrella negra indica la ubicaci\u00f3n de la cuenca del r\u00edo Maipo. (c) Glaciares (color celeste) de la sub-cuenca del r\u00edo Olivares y la ubicaci\u00f3n de la estaci\u00f3n meteorol\u00f3gica autom\u00e1tica (AWSOA, color magenta) y el pluvi\u00f3metro (GEONOR, color naranja) cerca del glaciar Olivares Alfa (en azul oscuro). El recuadro superior proporciona el contexto regional de la cuenca del r\u00edo Maipo en Sudam\u00e9rica, y el recuadro inferior resalta la cuenca del Maipo (l\u00ednea negra) y la subcuenca del r\u00edo Olivares (l\u00ednea naranja). SCSN (Santo Domingo) corresponde al sitio desde donde se lanzan las radiosondas. Las curvas de nivel se derivan del modelo digital de elevaci\u00f3n (DEM) AW3D30. (d) muestra una fotograf\u00eda tomada el 5 de febrero de 2015 por Claudio Bravo, con una vista detallada del Glaciar Olivares Alfa."},{"@type":"BreadcrumbList","@id":"https:\/\/www.andex-rhp.org\/?p=4632#breadcrumb","itemListElement":[{"@type":"ListItem","position":1,"name":"Home","item":"https:\/\/www.andex-rhp.org\/"},{"@type":"ListItem","position":2,"name":"El r\u00edo que cay\u00f3 del cielo (y que dej\u00f3 su huella en los glaciares de Chile central)"}]},{"@type":"WebSite","@id":"https:\/\/www.andex-rhp.org\/#website","url":"https:\/\/www.andex-rhp.org\/","name":"Programa Hidroclim\u00e1tico Regional para los Andes","description":"ANDEX","publisher":{"@id":"https:\/\/www.andex-rhp.org\/#organization"},"potentialAction":[{"@type":"SearchAction","target":{"@type":"EntryPoint","urlTemplate":"https:\/\/www.andex-rhp.org\/?s={search_term_string}"},"query-input":{"@type":"PropertyValueSpecification","valueRequired":true,"valueName":"search_term_string"}}],"inLanguage":"en-US"},{"@type":"Organization","@id":"https:\/\/www.andex-rhp.org\/#organization","name":"Programa Hidroclim\u00e1tico Regional para los Andes","url":"https:\/\/www.andex-rhp.org\/","logo":{"@type":"ImageObject","inLanguage":"en-US","@id":"https:\/\/www.andex-rhp.org\/#\/schema\/logo\/image\/","url":"https:\/\/www.andex-rhp.org\/wp-content\/uploads\/2024\/04\/cropped-cropped-logo_ANDEX_color_trans1.png","contentUrl":"https:\/\/www.andex-rhp.org\/wp-content\/uploads\/2024\/04\/cropped-cropped-logo_ANDEX_color_trans1.png","width":555,"height":444,"caption":"Programa Hidroclim\u00e1tico Regional para los Andes"},"image":{"@id":"https:\/\/www.andex-rhp.org\/#\/schema\/logo\/image\/"}},{"@type":"Person","@id":"https:\/\/www.andex-rhp.org\/#\/schema\/person\/502e4f38fe30f00d8b101cd988a956fb","name":"andex","image":{"@type":"ImageObject","inLanguage":"en-US","@id":"https:\/\/www.andex-rhp.org\/#\/schema\/person\/image\/","url":"https:\/\/secure.gravatar.com\/avatar\/23494ed4720f39176481de38bcdec2a13011e1321adeb3faa91d0e623a2a8587?s=96&d=mm&r=g","contentUrl":"https:\/\/secure.gravatar.com\/avatar\/23494ed4720f39176481de38bcdec2a13011e1321adeb3faa91d0e623a2a8587?s=96&d=mm&r=g","caption":"andex"},"url":"https:\/\/www.andex-rhp.org\/?author=2"}]}},"_links":{"self":[{"href":"https:\/\/www.andex-rhp.org\/index.php?rest_route=\/wp\/v2\/posts\/4632","targetHints":{"allow":["GET"]}}],"collection":[{"href":"https:\/\/www.andex-rhp.org\/index.php?rest_route=\/wp\/v2\/posts"}],"about":[{"href":"https:\/\/www.andex-rhp.org\/index.php?rest_route=\/wp\/v2\/types\/post"}],"author":[{"embeddable":true,"href":"https:\/\/www.andex-rhp.org\/index.php?rest_route=\/wp\/v2\/users\/2"}],"replies":[{"embeddable":true,"href":"https:\/\/www.andex-rhp.org\/index.php?rest_route=%2Fwp%2Fv2%2Fcomments&post=4632"}],"version-history":[{"count":2,"href":"https:\/\/www.andex-rhp.org\/index.php?rest_route=\/wp\/v2\/posts\/4632\/revisions"}],"predecessor-version":[{"id":4636,"href":"https:\/\/www.andex-rhp.org\/index.php?rest_route=\/wp\/v2\/posts\/4632\/revisions\/4636"}],"wp:attachment":[{"href":"https:\/\/www.andex-rhp.org\/index.php?rest_route=%2Fwp%2Fv2%2Fmedia&parent=4632"}],"wp:term":[{"taxonomy":"category","embeddable":true,"href":"https:\/\/www.andex-rhp.org\/index.php?rest_route=%2Fwp%2Fv2%2Fcategories&post=4632"},{"taxonomy":"post_tag","embeddable":true,"href":"https:\/\/www.andex-rhp.org\/index.php?rest_route=%2Fwp%2Fv2%2Ftags&post=4632"}],"curies":[{"name":"wp","href":"https:\/\/api.w.org\/{rel}","templated":true}]}}