{"id":4616,"date":"2025-06-25T15:09:19","date_gmt":"2025-06-25T15:09:19","guid":{"rendered":"https:\/\/www.andex-rhp.org\/?p=4616"},"modified":"2025-06-30T17:24:36","modified_gmt":"2025-06-30T17:24:36","slug":"rumbo-a-mendoza-preparativos-para-la-reunion-anual-andex-2025","status":"publish","type":"post","link":"https:\/\/www.andex-rhp.org\/?p=4616","title":{"rendered":"Rumbo a Mendoza: Preparativos para la Reuni\u00f3n Anual ANDEX 2025"},"content":{"rendered":"\n<p><strong>Por ANDEX*\/<\/strong><\/p>\n\n\n\n<p>Del 13 al 18 de octubre, la ciudad de Mendoza (Argentina) ser\u00e1 sede de la <a href=\"https:\/\/www.gewexevents.org\/meetings\/2025andex\"><strong>Reuni\u00f3n Anual ANDEX 2025<\/strong><\/a>, un evento fundamental para fortalecer la colaboraci\u00f3n cient\u00edfica en los pa\u00edses andinos y en la regi\u00f3n. Esta reuni\u00f3n reunir\u00e1 a investigadores, representantes institucionales y j\u00f3venes cient\u00edficos de los pa\u00edses andinos para intercambiar avances, definir nuevas prioridades y consolidar el trabajo conjunto que impulsa ANDEX como programa regional de GEWEX\/WCRP.<\/p>\n\n\n\n<p>La planificaci\u00f3n del evento avanza activamente en estrecha coordinaci\u00f3n con el <strong>Comit\u00e9 Local<\/strong>, junto a quienes se vienen realizando diversas reuniones preparatorias con el fin de asegurar una ejecuci\u00f3n \u00f3ptima en t\u00e9rminos log\u00edsticos y cient\u00edficos. Cabe destacar el valioso apoyo recibido hasta el momento por parte de instituciones y proyectos asociados, que incluyen el IANIGLA y el CCT CONICET Mendoza, el IRD de Francia, el IFAECI en Buenos Aires, el programa Global Cryosphere Watch de la Organizaci\u00f3n Meteorol\u00f3gica Mundial, y el proyecto AccelNet-ACCORD dirigido por el Dr. Mathias Vuille de la Universidad de Albany.&nbsp;&nbsp;<\/p>\n\n\n\n<p>Durante la semana del evento se desarrollar\u00e1n presentaciones orales, sesiones de p\u00f3sters a cargo de JovenANDEX, talleres de capacitaci\u00f3n y reuniones de planificaci\u00f3n, en un espacio de di\u00e1logo abierto que busca seguir fortaleciendo el rol de ANDEX como articulador de la ciencia hidroclim\u00e1tica para el desarrollo sostenible en la regi\u00f3n andina.<\/p>\n\n\n\n<p>La agenda preliminar del evento se encuentra disponible en el siguiente enlace: <a href=\"https:\/\/www.gewexevents.org\/meetings\/2025andex\/agenda\/\">https:\/\/www.gewexevents.org\/meetings\/2025andex\/agenda\/<\/a>&nbsp;<\/p>\n\n\n\n<p>\u00a1Los invitamos a participar de esta valiosa oportunidad para seguir construyendo ciencia colaborativa desde los Andes!<\/p>\n\n\n\n<figure class=\"wp-block-image size-large\"><img fetchpriority=\"high\" decoding=\"async\" width=\"1024\" height=\"576\" src=\"https:\/\/www.andex-rhp.org\/wp-content\/uploads\/2025\/06\/WhatsApp-Image-2025-06-05-at-10.41.47-1024x576.jpeg\" alt=\"\" class=\"wp-image-4618\" srcset=\"https:\/\/www.andex-rhp.org\/wp-content\/uploads\/2025\/06\/WhatsApp-Image-2025-06-05-at-10.41.47-1024x576.jpeg 1024w, https:\/\/www.andex-rhp.org\/wp-content\/uploads\/2025\/06\/WhatsApp-Image-2025-06-05-at-10.41.47-300x169.jpeg 300w, https:\/\/www.andex-rhp.org\/wp-content\/uploads\/2025\/06\/WhatsApp-Image-2025-06-05-at-10.41.47-768x432.jpeg 768w, https:\/\/www.andex-rhp.org\/wp-content\/uploads\/2025\/06\/WhatsApp-Image-2025-06-05-at-10.41.47-1536x864.jpeg 1536w, https:\/\/www.andex-rhp.org\/wp-content\/uploads\/2025\/06\/WhatsApp-Image-2025-06-05-at-10.41.47-800x450.jpeg 800w, https:\/\/www.andex-rhp.org\/wp-content\/uploads\/2025\/06\/WhatsApp-Image-2025-06-05-at-10.41.47.jpeg 1600w\" sizes=\"(max-width: 1024px) 100vw, 1024px\" \/><\/figure>\n\n\n\n<figure class=\"wp-block-image size-large\"><img decoding=\"async\" width=\"1024\" height=\"576\" src=\"https:\/\/www.andex-rhp.org\/wp-content\/uploads\/2025\/06\/WhatsApp-Image-2025-06-05-at-10.42.01-1024x576.jpeg\" alt=\"Reuni\u00f3n Coordinaci\u00f3n Comit\u00e9 Local - Mendoza 2025\" class=\"wp-image-4619\" srcset=\"https:\/\/www.andex-rhp.org\/wp-content\/uploads\/2025\/06\/WhatsApp-Image-2025-06-05-at-10.42.01-1024x576.jpeg 1024w, https:\/\/www.andex-rhp.org\/wp-content\/uploads\/2025\/06\/WhatsApp-Image-2025-06-05-at-10.42.01-300x169.jpeg 300w, https:\/\/www.andex-rhp.org\/wp-content\/uploads\/2025\/06\/WhatsApp-Image-2025-06-05-at-10.42.01-768x432.jpeg 768w, https:\/\/www.andex-rhp.org\/wp-content\/uploads\/2025\/06\/WhatsApp-Image-2025-06-05-at-10.42.01-1536x864.jpeg 1536w, https:\/\/www.andex-rhp.org\/wp-content\/uploads\/2025\/06\/WhatsApp-Image-2025-06-05-at-10.42.01-800x450.jpeg 800w, https:\/\/www.andex-rhp.org\/wp-content\/uploads\/2025\/06\/WhatsApp-Image-2025-06-05-at-10.42.01.jpeg 1600w\" sizes=\"(max-width: 1024px) 100vw, 1024px\" \/><figcaption class=\"wp-element-caption\">Reuni\u00f3n Coordinaci\u00f3n Comit\u00e9 Local &#8211; Mendoza 2025<\/figcaption><\/figure>\n","protected":false},"excerpt":{"rendered":"<p>Por ANDEX*\/ Del 13 al 18 de octubre, la ciudad de Mendoza (Argentina) ser\u00e1 sede de la Reuni\u00f3n Anual ANDEX 2025, un evento fundamental para fortalecer la colaboraci\u00f3n cient\u00edfica en los pa\u00edses andinos y en la regi\u00f3n. Esta reuni\u00f3n reunir\u00e1 a investigadores, representantes institucionales y j\u00f3venes cient\u00edficos de los pa\u00edses andinos para intercambiar avances, definir [&hellip;]<\/p>\n","protected":false},"author":2,"featured_media":0,"comment_status":"open","ping_status":"open","sticky":false,"template":"","format":"standard","meta":{"ocean_post_layout":"","ocean_both_sidebars_style":"","ocean_both_sidebars_content_width":0,"ocean_both_sidebars_sidebars_width":0,"ocean_sidebar":"","ocean_second_sidebar":"","ocean_disable_margins":"enable","ocean_add_body_class":"","ocean_shortcode_before_top_bar":"","ocean_shortcode_after_top_bar":"","ocean_shortcode_before_header":"","ocean_shortcode_after_header":"","ocean_has_shortcode":"","ocean_shortcode_after_title":"","ocean_shortcode_before_footer_widgets":"","ocean_shortcode_after_footer_widgets":"","ocean_shortcode_before_footer_bottom":"","ocean_shortcode_after_footer_bottom":"","ocean_display_top_bar":"default","ocean_display_header":"default","ocean_header_style":"","ocean_center_header_left_menu":"","ocean_custom_header_template":"","ocean_custom_logo":0,"ocean_custom_retina_logo":0,"ocean_custom_logo_max_width":0,"ocean_custom_logo_tablet_max_width":0,"ocean_custom_logo_mobile_max_width":0,"ocean_custom_logo_max_height":0,"ocean_custom_logo_tablet_max_height":0,"ocean_custom_logo_mobile_max_height":0,"ocean_header_custom_menu":"","ocean_menu_typo_font_family":"","ocean_menu_typo_font_subset":"","ocean_menu_typo_font_size":0,"ocean_menu_typo_font_size_tablet":0,"ocean_menu_typo_font_size_mobile":0,"ocean_menu_typo_font_size_unit":"px","ocean_menu_typo_font_weight":"","ocean_menu_typo_font_weight_tablet":"","ocean_menu_typo_font_weight_mobile":"","ocean_menu_typo_transform":"","ocean_menu_typo_transform_tablet":"","ocean_menu_typo_transform_mobile":"","ocean_menu_typo_line_height":0,"ocean_menu_typo_line_height_tablet":0,"ocean_menu_typo_line_height_mobile":0,"ocean_menu_typo_line_height_unit":"","ocean_menu_typo_spacing":0,"ocean_menu_typo_spacing_tablet":0,"ocean_menu_typo_spacing_mobile":0,"ocean_menu_typo_spacing_unit":"","ocean_menu_link_color":"","ocean_menu_link_color_hover":"","ocean_menu_link_color_active":"","ocean_menu_link_background":"","ocean_menu_link_hover_background":"","ocean_menu_link_active_background":"","ocean_menu_social_links_bg":"","ocean_menu_social_hover_links_bg":"","ocean_menu_social_links_color":"","ocean_menu_social_hover_links_color":"","ocean_disable_title":"default","ocean_disable_heading":"default","ocean_post_title":"","ocean_post_subheading":"","ocean_post_title_style":"","ocean_post_title_background_color":"","ocean_post_title_background":0,"ocean_post_title_bg_image_position":"","ocean_post_title_bg_image_attachment":"","ocean_post_title_bg_image_repeat":"","ocean_post_title_bg_image_size":"","ocean_post_title_height":0,"ocean_post_title_bg_overlay":0.5,"ocean_post_title_bg_overlay_color":"","ocean_disable_breadcrumbs":"default","ocean_breadcrumbs_color":"","ocean_breadcrumbs_separator_color":"","ocean_breadcrumbs_links_color":"","ocean_breadcrumbs_links_hover_color":"","ocean_display_footer_widgets":"default","ocean_display_footer_bottom":"default","ocean_custom_footer_template":"","ocean_post_oembed":"","ocean_post_self_hosted_media":"","ocean_post_video_embed":"","ocean_link_format":"","ocean_link_format_target":"self","ocean_quote_format":"","ocean_quote_format_link":"post","ocean_gallery_link_images":"on","ocean_gallery_id":[],"footnotes":""},"categories":[14],"tags":[152,151,134,150],"class_list":["post-4616","post","type-post","status-publish","format-standard","hentry","category-eventos","tag-cct-conicet","tag-comite-local","tag-mendoza","tag-reunion-anual","entry"],"yoast_head":"<!-- This site is optimized with the Yoast SEO plugin v26.8 - https:\/\/yoast.com\/product\/yoast-seo-wordpress\/ -->\n<title>Rumbo a Mendoza: Preparativos para la Reuni\u00f3n Anual ANDEX 2025 - Programa Hidroclim\u00e1tico Regional para los Andes<\/title>\n<meta name=\"robots\" content=\"index, follow, max-snippet:-1, max-image-preview:large, max-video-preview:-1\" \/>\n<link rel=\"canonical\" href=\"https:\/\/www.andex-rhp.org\/?p=4616\" \/>\n<meta property=\"og:locale\" content=\"en_US\" \/>\n<meta property=\"og:type\" content=\"article\" \/>\n<meta property=\"og:title\" content=\"Rumbo a Mendoza: Preparativos para la Reuni\u00f3n Anual ANDEX 2025 - Programa Hidroclim\u00e1tico Regional para los Andes\" \/>\n<meta property=\"og:description\" content=\"Por ANDEX*\/ Del 13 al 18 de octubre, la ciudad de Mendoza (Argentina) ser\u00e1 sede de la Reuni\u00f3n Anual ANDEX 2025, un evento fundamental para fortalecer la colaboraci\u00f3n cient\u00edfica en los pa\u00edses andinos y en la regi\u00f3n. Esta reuni\u00f3n reunir\u00e1 a investigadores, representantes institucionales y j\u00f3venes cient\u00edficos de los pa\u00edses andinos para intercambiar avances, definir [&hellip;]\" \/>\n<meta property=\"og:url\" content=\"https:\/\/www.andex-rhp.org\/?p=4616\" \/>\n<meta property=\"og:site_name\" content=\"Programa Hidroclim\u00e1tico Regional para los Andes\" \/>\n<meta property=\"article:published_time\" content=\"2025-06-25T15:09:19+00:00\" \/>\n<meta property=\"article:modified_time\" content=\"2025-06-30T17:24:36+00:00\" \/>\n<meta property=\"og:image\" content=\"https:\/\/www.andex-rhp.org\/wp-content\/uploads\/2025\/06\/WhatsApp-Image-2025-06-05-at-10.41.47.jpeg\" \/>\n\t<meta property=\"og:image:width\" content=\"1600\" \/>\n\t<meta property=\"og:image:height\" content=\"900\" \/>\n\t<meta property=\"og:image:type\" content=\"image\/jpeg\" \/>\n<meta name=\"author\" content=\"andex\" \/>\n<meta name=\"twitter:card\" content=\"summary_large_image\" \/>\n<meta name=\"twitter:label1\" content=\"Written by\" \/>\n\t<meta name=\"twitter:data1\" content=\"andex\" \/>\n\t<meta name=\"twitter:label2\" content=\"Est. reading time\" \/>\n\t<meta name=\"twitter:data2\" content=\"2 minutes\" \/>\n<script type=\"application\/ld+json\" class=\"yoast-schema-graph\">{\"@context\":\"https:\/\/schema.org\",\"@graph\":[{\"@type\":\"Article\",\"@id\":\"https:\/\/www.andex-rhp.org\/?p=4616#article\",\"isPartOf\":{\"@id\":\"https:\/\/www.andex-rhp.org\/?p=4616\"},\"author\":{\"name\":\"andex\",\"@id\":\"https:\/\/www.andex-rhp.org\/#\/schema\/person\/502e4f38fe30f00d8b101cd988a956fb\"},\"headline\":\"Rumbo a Mendoza: Preparativos para la Reuni\u00f3n Anual ANDEX 2025\",\"datePublished\":\"2025-06-25T15:09:19+00:00\",\"dateModified\":\"2025-06-30T17:24:36+00:00\",\"mainEntityOfPage\":{\"@id\":\"https:\/\/www.andex-rhp.org\/?p=4616\"},\"wordCount\":293,\"commentCount\":0,\"publisher\":{\"@id\":\"https:\/\/www.andex-rhp.org\/#organization\"},\"image\":{\"@id\":\"https:\/\/www.andex-rhp.org\/?p=4616#primaryimage\"},\"thumbnailUrl\":\"https:\/\/www.andex-rhp.org\/wp-content\/uploads\/2025\/06\/WhatsApp-Image-2025-06-05-at-10.41.47-1024x576.jpeg\",\"keywords\":[\"CCT - CONICET\",\"Comit\u00e9 Local\",\"Mendoza\",\"Reuni\u00f3n Anual\"],\"articleSection\":[\"Eventos\"],\"inLanguage\":\"en-US\",\"potentialAction\":[{\"@type\":\"CommentAction\",\"name\":\"Comment\",\"target\":[\"https:\/\/www.andex-rhp.org\/?p=4616#respond\"]}]},{\"@type\":\"WebPage\",\"@id\":\"https:\/\/www.andex-rhp.org\/?p=4616\",\"url\":\"https:\/\/www.andex-rhp.org\/?p=4616\",\"name\":\"Rumbo a Mendoza: Preparativos para la Reuni\u00f3n Anual ANDEX 2025 - Programa Hidroclim\u00e1tico Regional para los Andes\",\"isPartOf\":{\"@id\":\"https:\/\/www.andex-rhp.org\/#website\"},\"primaryImageOfPage\":{\"@id\":\"https:\/\/www.andex-rhp.org\/?p=4616#primaryimage\"},\"image\":{\"@id\":\"https:\/\/www.andex-rhp.org\/?p=4616#primaryimage\"},\"thumbnailUrl\":\"https:\/\/www.andex-rhp.org\/wp-content\/uploads\/2025\/06\/WhatsApp-Image-2025-06-05-at-10.41.47-1024x576.jpeg\",\"datePublished\":\"2025-06-25T15:09:19+00:00\",\"dateModified\":\"2025-06-30T17:24:36+00:00\",\"breadcrumb\":{\"@id\":\"https:\/\/www.andex-rhp.org\/?p=4616#breadcrumb\"},\"inLanguage\":\"en-US\",\"potentialAction\":[{\"@type\":\"ReadAction\",\"target\":[\"https:\/\/www.andex-rhp.org\/?p=4616\"]}]},{\"@type\":\"ImageObject\",\"inLanguage\":\"en-US\",\"@id\":\"https:\/\/www.andex-rhp.org\/?p=4616#primaryimage\",\"url\":\"https:\/\/www.andex-rhp.org\/wp-content\/uploads\/2025\/06\/WhatsApp-Image-2025-06-05-at-10.41.47.jpeg\",\"contentUrl\":\"https:\/\/www.andex-rhp.org\/wp-content\/uploads\/2025\/06\/WhatsApp-Image-2025-06-05-at-10.41.47.jpeg\",\"width\":1600,\"height\":900},{\"@type\":\"BreadcrumbList\",\"@id\":\"https:\/\/www.andex-rhp.org\/?p=4616#breadcrumb\",\"itemListElement\":[{\"@type\":\"ListItem\",\"position\":1,\"name\":\"Home\",\"item\":\"https:\/\/www.andex-rhp.org\/\"},{\"@type\":\"ListItem\",\"position\":2,\"name\":\"Rumbo a Mendoza: Preparativos para la Reuni\u00f3n Anual ANDEX 2025\"}]},{\"@type\":\"WebSite\",\"@id\":\"https:\/\/www.andex-rhp.org\/#website\",\"url\":\"https:\/\/www.andex-rhp.org\/\",\"name\":\"Programa Hidroclim\u00e1tico Regional para los Andes\",\"description\":\"ANDEX\",\"publisher\":{\"@id\":\"https:\/\/www.andex-rhp.org\/#organization\"},\"potentialAction\":[{\"@type\":\"SearchAction\",\"target\":{\"@type\":\"EntryPoint\",\"urlTemplate\":\"https:\/\/www.andex-rhp.org\/?s={search_term_string}\"},\"query-input\":{\"@type\":\"PropertyValueSpecification\",\"valueRequired\":true,\"valueName\":\"search_term_string\"}}],\"inLanguage\":\"en-US\"},{\"@type\":\"Organization\",\"@id\":\"https:\/\/www.andex-rhp.org\/#organization\",\"name\":\"Programa Hidroclim\u00e1tico Regional para los Andes\",\"url\":\"https:\/\/www.andex-rhp.org\/\",\"logo\":{\"@type\":\"ImageObject\",\"inLanguage\":\"en-US\",\"@id\":\"https:\/\/www.andex-rhp.org\/#\/schema\/logo\/image\/\",\"url\":\"https:\/\/www.andex-rhp.org\/wp-content\/uploads\/2024\/04\/cropped-cropped-logo_ANDEX_color_trans1.png\",\"contentUrl\":\"https:\/\/www.andex-rhp.org\/wp-content\/uploads\/2024\/04\/cropped-cropped-logo_ANDEX_color_trans1.png\",\"width\":555,\"height\":444,\"caption\":\"Programa Hidroclim\u00e1tico Regional para los Andes\"},\"image\":{\"@id\":\"https:\/\/www.andex-rhp.org\/#\/schema\/logo\/image\/\"}},{\"@type\":\"Person\",\"@id\":\"https:\/\/www.andex-rhp.org\/#\/schema\/person\/502e4f38fe30f00d8b101cd988a956fb\",\"name\":\"andex\",\"image\":{\"@type\":\"ImageObject\",\"inLanguage\":\"en-US\",\"@id\":\"https:\/\/www.andex-rhp.org\/#\/schema\/person\/image\/\",\"url\":\"https:\/\/secure.gravatar.com\/avatar\/23494ed4720f39176481de38bcdec2a13011e1321adeb3faa91d0e623a2a8587?s=96&d=mm&r=g\",\"contentUrl\":\"https:\/\/secure.gravatar.com\/avatar\/23494ed4720f39176481de38bcdec2a13011e1321adeb3faa91d0e623a2a8587?s=96&d=mm&r=g\",\"caption\":\"andex\"},\"url\":\"https:\/\/www.andex-rhp.org\/?author=2\"}]}<\/script>\n<!-- \/ Yoast SEO plugin. -->","yoast_head_json":{"title":"Rumbo a Mendoza: Preparativos para la Reuni\u00f3n Anual ANDEX 2025 - Programa Hidroclim\u00e1tico Regional para los Andes","robots":{"index":"index","follow":"follow","max-snippet":"max-snippet:-1","max-image-preview":"max-image-preview:large","max-video-preview":"max-video-preview:-1"},"canonical":"https:\/\/www.andex-rhp.org\/?p=4616","og_locale":"en_US","og_type":"article","og_title":"Rumbo a Mendoza: Preparativos para la Reuni\u00f3n Anual ANDEX 2025 - Programa Hidroclim\u00e1tico Regional para los Andes","og_description":"Por ANDEX*\/ Del 13 al 18 de octubre, la ciudad de Mendoza (Argentina) ser\u00e1 sede de la Reuni\u00f3n Anual ANDEX 2025, un evento fundamental para fortalecer la colaboraci\u00f3n cient\u00edfica en los pa\u00edses andinos y en la regi\u00f3n. Esta reuni\u00f3n reunir\u00e1 a investigadores, representantes institucionales y j\u00f3venes cient\u00edficos de los pa\u00edses andinos para intercambiar avances, definir [&hellip;]","og_url":"https:\/\/www.andex-rhp.org\/?p=4616","og_site_name":"Programa Hidroclim\u00e1tico Regional para los Andes","article_published_time":"2025-06-25T15:09:19+00:00","article_modified_time":"2025-06-30T17:24:36+00:00","og_image":[{"width":1600,"height":900,"url":"https:\/\/www.andex-rhp.org\/wp-content\/uploads\/2025\/06\/WhatsApp-Image-2025-06-05-at-10.41.47.jpeg","type":"image\/jpeg"}],"author":"andex","twitter_card":"summary_large_image","twitter_misc":{"Written by":"andex","Est. reading time":"2 minutes"},"schema":{"@context":"https:\/\/schema.org","@graph":[{"@type":"Article","@id":"https:\/\/www.andex-rhp.org\/?p=4616#article","isPartOf":{"@id":"https:\/\/www.andex-rhp.org\/?p=4616"},"author":{"name":"andex","@id":"https:\/\/www.andex-rhp.org\/#\/schema\/person\/502e4f38fe30f00d8b101cd988a956fb"},"headline":"Rumbo a Mendoza: Preparativos para la Reuni\u00f3n Anual ANDEX 2025","datePublished":"2025-06-25T15:09:19+00:00","dateModified":"2025-06-30T17:24:36+00:00","mainEntityOfPage":{"@id":"https:\/\/www.andex-rhp.org\/?p=4616"},"wordCount":293,"commentCount":0,"publisher":{"@id":"https:\/\/www.andex-rhp.org\/#organization"},"image":{"@id":"https:\/\/www.andex-rhp.org\/?p=4616#primaryimage"},"thumbnailUrl":"https:\/\/www.andex-rhp.org\/wp-content\/uploads\/2025\/06\/WhatsApp-Image-2025-06-05-at-10.41.47-1024x576.jpeg","keywords":["CCT - CONICET","Comit\u00e9 Local","Mendoza","Reuni\u00f3n Anual"],"articleSection":["Eventos"],"inLanguage":"en-US","potentialAction":[{"@type":"CommentAction","name":"Comment","target":["https:\/\/www.andex-rhp.org\/?p=4616#respond"]}]},{"@type":"WebPage","@id":"https:\/\/www.andex-rhp.org\/?p=4616","url":"https:\/\/www.andex-rhp.org\/?p=4616","name":"Rumbo a Mendoza: Preparativos para la Reuni\u00f3n Anual ANDEX 2025 - Programa Hidroclim\u00e1tico Regional para los Andes","isPartOf":{"@id":"https:\/\/www.andex-rhp.org\/#website"},"primaryImageOfPage":{"@id":"https:\/\/www.andex-rhp.org\/?p=4616#primaryimage"},"image":{"@id":"https:\/\/www.andex-rhp.org\/?p=4616#primaryimage"},"thumbnailUrl":"https:\/\/www.andex-rhp.org\/wp-content\/uploads\/2025\/06\/WhatsApp-Image-2025-06-05-at-10.41.47-1024x576.jpeg","datePublished":"2025-06-25T15:09:19+00:00","dateModified":"2025-06-30T17:24:36+00:00","breadcrumb":{"@id":"https:\/\/www.andex-rhp.org\/?p=4616#breadcrumb"},"inLanguage":"en-US","potentialAction":[{"@type":"ReadAction","target":["https:\/\/www.andex-rhp.org\/?p=4616"]}]},{"@type":"ImageObject","inLanguage":"en-US","@id":"https:\/\/www.andex-rhp.org\/?p=4616#primaryimage","url":"https:\/\/www.andex-rhp.org\/wp-content\/uploads\/2025\/06\/WhatsApp-Image-2025-06-05-at-10.41.47.jpeg","contentUrl":"https:\/\/www.andex-rhp.org\/wp-content\/uploads\/2025\/06\/WhatsApp-Image-2025-06-05-at-10.41.47.jpeg","width":1600,"height":900},{"@type":"BreadcrumbList","@id":"https:\/\/www.andex-rhp.org\/?p=4616#breadcrumb","itemListElement":[{"@type":"ListItem","position":1,"name":"Home","item":"https:\/\/www.andex-rhp.org\/"},{"@type":"ListItem","position":2,"name":"Rumbo a Mendoza: Preparativos para la Reuni\u00f3n Anual ANDEX 2025"}]},{"@type":"WebSite","@id":"https:\/\/www.andex-rhp.org\/#website","url":"https:\/\/www.andex-rhp.org\/","name":"Programa Hidroclim\u00e1tico Regional para los Andes","description":"ANDEX","publisher":{"@id":"https:\/\/www.andex-rhp.org\/#organization"},"potentialAction":[{"@type":"SearchAction","target":{"@type":"EntryPoint","urlTemplate":"https:\/\/www.andex-rhp.org\/?s={search_term_string}"},"query-input":{"@type":"PropertyValueSpecification","valueRequired":true,"valueName":"search_term_string"}}],"inLanguage":"en-US"},{"@type":"Organization","@id":"https:\/\/www.andex-rhp.org\/#organization","name":"Programa Hidroclim\u00e1tico Regional para los Andes","url":"https:\/\/www.andex-rhp.org\/","logo":{"@type":"ImageObject","inLanguage":"en-US","@id":"https:\/\/www.andex-rhp.org\/#\/schema\/logo\/image\/","url":"https:\/\/www.andex-rhp.org\/wp-content\/uploads\/2024\/04\/cropped-cropped-logo_ANDEX_color_trans1.png","contentUrl":"https:\/\/www.andex-rhp.org\/wp-content\/uploads\/2024\/04\/cropped-cropped-logo_ANDEX_color_trans1.png","width":555,"height":444,"caption":"Programa Hidroclim\u00e1tico Regional para los Andes"},"image":{"@id":"https:\/\/www.andex-rhp.org\/#\/schema\/logo\/image\/"}},{"@type":"Person","@id":"https:\/\/www.andex-rhp.org\/#\/schema\/person\/502e4f38fe30f00d8b101cd988a956fb","name":"andex","image":{"@type":"ImageObject","inLanguage":"en-US","@id":"https:\/\/www.andex-rhp.org\/#\/schema\/person\/image\/","url":"https:\/\/secure.gravatar.com\/avatar\/23494ed4720f39176481de38bcdec2a13011e1321adeb3faa91d0e623a2a8587?s=96&d=mm&r=g","contentUrl":"https:\/\/secure.gravatar.com\/avatar\/23494ed4720f39176481de38bcdec2a13011e1321adeb3faa91d0e623a2a8587?s=96&d=mm&r=g","caption":"andex"},"url":"https:\/\/www.andex-rhp.org\/?author=2"}]}},"_links":{"self":[{"href":"https:\/\/www.andex-rhp.org\/index.php?rest_route=\/wp\/v2\/posts\/4616","targetHints":{"allow":["GET"]}}],"collection":[{"href":"https:\/\/www.andex-rhp.org\/index.php?rest_route=\/wp\/v2\/posts"}],"about":[{"href":"https:\/\/www.andex-rhp.org\/index.php?rest_route=\/wp\/v2\/types\/post"}],"author":[{"embeddable":true,"href":"https:\/\/www.andex-rhp.org\/index.php?rest_route=\/wp\/v2\/users\/2"}],"replies":[{"embeddable":true,"href":"https:\/\/www.andex-rhp.org\/index.php?rest_route=%2Fwp%2Fv2%2Fcomments&post=4616"}],"version-history":[{"count":2,"href":"https:\/\/www.andex-rhp.org\/index.php?rest_route=\/wp\/v2\/posts\/4616\/revisions"}],"predecessor-version":[{"id":4620,"href":"https:\/\/www.andex-rhp.org\/index.php?rest_route=\/wp\/v2\/posts\/4616\/revisions\/4620"}],"wp:attachment":[{"href":"https:\/\/www.andex-rhp.org\/index.php?rest_route=%2Fwp%2Fv2%2Fmedia&parent=4616"}],"wp:term":[{"taxonomy":"category","embeddable":true,"href":"https:\/\/www.andex-rhp.org\/index.php?rest_route=%2Fwp%2Fv2%2Fcategories&post=4616"},{"taxonomy":"post_tag","embeddable":true,"href":"https:\/\/www.andex-rhp.org\/index.php?rest_route=%2Fwp%2Fv2%2Ftags&post=4616"}],"curies":[{"name":"wp","href":"https:\/\/api.w.org\/{rel}","templated":true}]}}