{"id":4489,"date":"2025-04-10T15:00:03","date_gmt":"2025-04-10T15:00:03","guid":{"rendered":"https:\/\/www.andex-rhp.org\/?p=4489"},"modified":"2025-04-10T15:00:05","modified_gmt":"2025-04-10T15:00:05","slug":"complejidad-estructural-de-la-vegetacion-a-lo-largo-de-gradientes-de-elevacion-perspectivas-desde-los-andes-tropicales","status":"publish","type":"post","link":"https:\/\/www.andex-rhp.org\/?p=4489","title":{"rendered":"Complejidad estructural de la vegetaci\u00f3n a lo largo de gradientes de elevaci\u00f3n: perspectivas desde los Andes tropicales"},"content":{"rendered":"\n<p><strong>Por Leticia Avil\u00e9s* y Luis Camacho**\/<\/strong><\/p>\n\n\n\n<p>Aprovechando el dram\u00e1tico cambio de ecosistemas a lo largo de gradientes de elevaci\u00f3n, en <a href=\"https:\/\/onlinelibrary.wiley.com\/doi\/10.1111\/jbi.15102\">Camacho et al. 2025<\/a> examinamos c\u00f3mo el volumen, densidad, y complejidad estructural de la vegetaci\u00f3n cambian a medida que selvas tropicales dan paso a bosques nublados y eventualmente a p\u00e1ramos en las estribaciones orientales de los Andes ecuatoriales. Nuestra meta fue describir la estructura de la vegetaci\u00f3n de esta zona para que, junto con patrones de clima y productividad, se puedan determinar los factores que influencian la diversidad animal. Ecosistemas de un mayor volumen, densidad, y productividad proveer\u00edan el espacio f\u00edsico y recursos para sustentar comunidades animales m\u00e1s numerosas, mientras que una vegetaci\u00f3n m\u00e1s compleja crear\u00eda mayores oportunidades para la diversificaci\u00f3n de nichos.<\/p>\n\n\n\n<p>Evaluamos la estructura de la vegetaci\u00f3n tanto horizontal como verticalmente en las laderas orientales de los Andes ecuatorianos desde los 220 m a 4050 m de elevaci\u00f3n (ocho localidades a intervalos de ~500 m de elevaci\u00f3n, latitud 0.5\u00b0 a 0.7\u00b0 S). A lo largo de transectos de 100 m (6-8 por localidad) medimos la altura del dosel, densidad de la vegetaci\u00f3n y su estratificaci\u00f3n vertical (en puntos al azar y sobre \u00e1rboles, m\u00e9todo del n\u00famero efectivo de capas, Ehbrecht et al. 2016), la diversidad de estructuras a tres escalas (m\u00e9todo de intercepci\u00f3n por l\u00ednea), y la complejidad estructural de la vegetaci\u00f3n en fotograf\u00edas digitales a dos escalas (Proulx &amp; Parrott 2008) (Fig. 1). Utilizamos m\u00e9tricas de teor\u00eda de la informaci\u00f3n para cuantificar los patrones de diversidad y complejidad estructural (vertical, horizontal y en dos dimensiones).<\/p>\n\n\n\n<figure class=\"wp-block-image size-large\"><img fetchpriority=\"high\" decoding=\"async\" width=\"1024\" height=\"934\" src=\"https:\/\/www.andex-rhp.org\/wp-content\/uploads\/2025\/04\/Captura-de-pantalla-2025-04-10-a-las-9.51.03\u202fa.-m.-2-1024x934.png\" alt=\"Fig. 1. Esquema de la posici\u00f3n a lo largo de los transectos en que medimos (A) la altura del dosel y diversidad de formas estructurales en puntos de contacto a tres escalas (fisonom\u00eda de la planta, tipo de estructura y textura); (A, B) estratificaci\u00f3n vertical en el n\u00famero efectivo de capas (a los 0, 50 y 100 m y sobre el \u00e1rbol m\u00e1s cercano a cada punto), y (C) la complejidad estructural en fotograf\u00edas digitales a nivel de paisaje (altura del pecho, en las cuatro direcciones cardinales) y microh\u00e1bitat (a intervalos de 5 m, desde 0 m hasta la copa del \u00e1rbol m\u00e1s cercano).\" class=\"wp-image-4493\" srcset=\"https:\/\/www.andex-rhp.org\/wp-content\/uploads\/2025\/04\/Captura-de-pantalla-2025-04-10-a-las-9.51.03\u202fa.-m.-2-1024x934.png 1024w, https:\/\/www.andex-rhp.org\/wp-content\/uploads\/2025\/04\/Captura-de-pantalla-2025-04-10-a-las-9.51.03\u202fa.-m.-2-300x274.png 300w, https:\/\/www.andex-rhp.org\/wp-content\/uploads\/2025\/04\/Captura-de-pantalla-2025-04-10-a-las-9.51.03\u202fa.-m.-2-768x701.png 768w, https:\/\/www.andex-rhp.org\/wp-content\/uploads\/2025\/04\/Captura-de-pantalla-2025-04-10-a-las-9.51.03\u202fa.-m.-2.png 1230w\" sizes=\"(max-width: 1024px) 100vw, 1024px\" \/><figcaption class=\"wp-element-caption\">Fig. 1. Esquema de la posici\u00f3n a lo largo de los transectos en que medimos (A) la altura del dosel y diversidad de formas estructurales en puntos de contacto a tres escalas (fisonom\u00eda de la planta, tipo de estructura y textura); (A, B) estratificaci\u00f3n vertical en el n\u00famero efectivo de capas (a los 0, 50 y 100 m y sobre el \u00e1rbol m\u00e1s cercano a cada punto), y (C) la complejidad estructural en fotograf\u00edas digitales a nivel de paisaje (altura del pecho, en las cuatro direcciones cardinales) y microh\u00e1bitat (a intervalos de 5 m, desde 0 m hasta la copa del \u00e1rbol m\u00e1s cercano).<\/figcaption><\/figure>\n\n\n\n<p>Mientras que la altura del dosel disminuy\u00f3 con la elevaci\u00f3n (Fig. 2A), la densidad de la vegetaci\u00f3n dentro del bosque aument\u00f3 (Fig. 2B, C) de manera que la cantidad de estructuras vegetales alcanz\u00f3 su punto m\u00e1ximo a elevaciones intermedias (Fig. 2D). La cantidad de estructuras vegetales alcanz\u00f3 un pico a\u00fan mayor cuando consideramos la vegetaci\u00f3n sobre \u00e1rboles, que incluy\u00f3 sobre todo ep\u00edfitas (Fig. 2D).\u00a0<\/p>\n\n\n\n<figure class=\"wp-block-image size-large\"><img decoding=\"async\" width=\"1024\" height=\"739\" src=\"https:\/\/www.andex-rhp.org\/wp-content\/uploads\/2025\/04\/Captura-de-pantalla-2025-04-10-a-las-9.51.22\u202fa.-m-1024x739.png\" alt=\"Fig. 2 Cantidad de sustrato vegetal potencial para la biodiversidad en funci\u00f3n de la altitud en la ladera oriental de los Andes ecuatorianos: (A) altura del dosel; densidad de estructuras en (B) puntos al azar o (C) sobre \u00e1rboles. Con todas estas medidas consideradas, la cantidad total de estructuras vegetales para la biodiversidad alcanza su m\u00e1ximo entre los 1500 y 2000 m de altitud (D).\" class=\"wp-image-4492\" srcset=\"https:\/\/www.andex-rhp.org\/wp-content\/uploads\/2025\/04\/Captura-de-pantalla-2025-04-10-a-las-9.51.22\u202fa.-m-1024x739.png 1024w, https:\/\/www.andex-rhp.org\/wp-content\/uploads\/2025\/04\/Captura-de-pantalla-2025-04-10-a-las-9.51.22\u202fa.-m-300x217.png 300w, https:\/\/www.andex-rhp.org\/wp-content\/uploads\/2025\/04\/Captura-de-pantalla-2025-04-10-a-las-9.51.22\u202fa.-m-768x554.png 768w, https:\/\/www.andex-rhp.org\/wp-content\/uploads\/2025\/04\/Captura-de-pantalla-2025-04-10-a-las-9.51.22\u202fa.-m.png 1230w\" sizes=\"(max-width: 1024px) 100vw, 1024px\" \/><figcaption class=\"wp-element-caption\">Fig. 2 Cantidad de sustrato vegetal potencial para la biodiversidad en funci\u00f3n de la altitud en la ladera oriental de los Andes ecuatorianos: (A) altura del dosel; densidad de estructuras en (B) puntos al azar o (C) sobre \u00e1rboles. Con todas estas medidas consideradas, la cantidad total de estructuras vegetales para la biodiversidad alcanza su m\u00e1ximo entre los 1500 y 2000 m de altitud (D).<\/figcaption><\/figure>\n\n\n\n<p>Con pocas excepciones, la complejidad estructural de la vegetaci\u00f3n, incluyendo la diversidad de formas de vida vegetal (Fig. 3A), la estratificaci\u00f3n vertical (Fig. 3B) y los patrones de complejidad en fotograf\u00edas digitales a nivel de paisaje y microh\u00e1bitat (Fig. 3C), alcanzaron su punto m\u00e1ximo a elevaciones intermedias, coincidiendo con los patrones de productividad del ecosistema.\u00a0\u00a0<\/p>\n\n\n\n<figure class=\"wp-block-image size-large\"><img decoding=\"async\" width=\"1024\" height=\"804\" src=\"https:\/\/www.andex-rhp.org\/wp-content\/uploads\/2025\/04\/Captura-de-pantalla-2025-04-10-a-las-9.52.13\u202fa.-m-1024x804.png\" alt=\"Fig. 3. Cambios en la complejidad estructural de la vegetaci\u00f3n con la elevaci\u00f3n, desde el bosque tropical al p\u00e1ramo en las estribaci\u00f3nes orientales de los Andes del Ecuador (220 m - 4050 m, latitud 0.5\u00b0 a 0.7\u00b0 S). (A) Complejidad en la diversidad de planes estructurales de la vegetaci\u00f3n (m\u00e9todo intercepci\u00f3n de l\u00ednea a tres escalas); (B) complejidad en la estratificaci\u00f3n vertical de la vegetaci\u00f3n en el interior del bosque; (C) complejidad estructural de la vegetaci\u00f3n basada en los patrones del color (H), croma (S) e intensidad (V) en fotograf\u00edas digitales a nivel de paisaje y m\u00e9tricas de la teor\u00eda de la informaci\u00f3n (Proulx &amp; Parrott 2008).\" class=\"wp-image-4491\" srcset=\"https:\/\/www.andex-rhp.org\/wp-content\/uploads\/2025\/04\/Captura-de-pantalla-2025-04-10-a-las-9.52.13\u202fa.-m-1024x804.png 1024w, https:\/\/www.andex-rhp.org\/wp-content\/uploads\/2025\/04\/Captura-de-pantalla-2025-04-10-a-las-9.52.13\u202fa.-m-300x235.png 300w, https:\/\/www.andex-rhp.org\/wp-content\/uploads\/2025\/04\/Captura-de-pantalla-2025-04-10-a-las-9.52.13\u202fa.-m-768x603.png 768w, https:\/\/www.andex-rhp.org\/wp-content\/uploads\/2025\/04\/Captura-de-pantalla-2025-04-10-a-las-9.52.13\u202fa.-m.png 1106w\" sizes=\"(max-width: 1024px) 100vw, 1024px\" \/><figcaption class=\"wp-element-caption\">Fig. 3. Cambios en la complejidad estructural de la vegetaci\u00f3n con la elevaci\u00f3n, desde el bosque tropical al p\u00e1ramo en las estribaci\u00f3nes orientales de los Andes del Ecuador (220 m &#8211; 4050 m, latitud 0.5\u00b0 a 0.7\u00b0 S). (A) Complejidad en la diversidad de planes estructurales de la vegetaci\u00f3n (m\u00e9todo intercepci\u00f3n de l\u00ednea a tres escalas); (B) complejidad en la estratificaci\u00f3n vertical de la vegetaci\u00f3n en el interior del bosque; (C) complejidad estructural de la vegetaci\u00f3n basada en los patrones del color (H), croma (S) e intensidad (V) en fotograf\u00edas digitales a nivel de paisaje y m\u00e9tricas de la teor\u00eda de la informaci\u00f3n (Proulx &#038; Parrott 2008).<\/figcaption><\/figure>\n\n\n\n<blockquote class=\"wp-block-quote is-layout-flow wp-block-quote-is-layout-flow\">\n<p>En conclusi\u00f3n, demostramos que la cantidad de sustrato vegetal y su complejidad estructural alcanzan su punto m\u00e1ximo a elevaciones intermedias en esta regi\u00f3n de los Andes, coincidiendo con los patrones de productividad del ecosistema y condiciones de bosque nublado. Dado el contraste entre estos patrones no lineales con la disminuci\u00f3n monot\u00f3nica de la temperatura con la elevaci\u00f3n, nuestros resultados permitir\u00e1n evaluar la importancia relativa de factores estructurales de la vegetaci\u00f3n y de la temperatura en la diversidad animal usando como modelo una de las zonas m\u00e1s biodiversas del mundo.<\/p>\n<\/blockquote>\n\n\n\n<hr class=\"wp-block-separator has-alpha-channel-opacity\"\/>\n\n\n\n<p>* Dept. of Zoology and Biodiversity Research Centre, University of British Columbia, Vancouver, BC Canada, laviles.ubczool@gmail.com<br>** Depart. de Biogeograf\u00eda y Cambio Global, Museo Nacional de Ciencias Naturales, Madrid, Espa\u00f1a.<\/p>\n\n\n\n<hr class=\"wp-block-separator has-alpha-channel-opacity\"\/>\n\n\n\n<p><sup>1<\/sup> Camacho, L. F., Schwartz, N., and Avil\u00e9s, L. (2025). Vegetation Structural Complexity Across Elevational Gradients: Insights From the Tropical Andes. Journal of Biogeography. <a href=\"https:\/\/doi.org\/10.1111\/jbi.15102\">https:\/\/doi.org\/10.1111\/jbi.15102<\/a><br><sup>2<\/sup> Ehbrecht, M., P. Schall, J. Juchheim, C. Ammer, and D. Seidel. 2016. Effective Number of Layers: A New Measure for Quantifying Three-Dimensional Stand Structure Based on Sampling With Terrestrial LiDAR. <em>Forest Ecology and Management <\/em>380: 212\u2013223.<br><sup>3<\/sup> Proulx, R., and L. Parrott. 2008. Measures of Structural Complexity in Digital Images for Monitoring the Ecological Signature of an Old-Growth Forest Ecosystem. <em>Ecological Indicators <\/em>8, no. 3: 270\u2013284.\u00a0<\/p>\n","protected":false},"excerpt":{"rendered":"<p>Por Leticia Avil\u00e9s* y Luis Camacho**\/ Aprovechando el dram\u00e1tico cambio de ecosistemas a lo largo de gradientes de elevaci\u00f3n, en Camacho et al. 2025 examinamos c\u00f3mo el volumen, densidad, y complejidad estructural de la vegetaci\u00f3n cambian a medida que selvas tropicales dan paso a bosques nublados y eventualmente a p\u00e1ramos en las estribaciones orientales de [&hellip;]<\/p>\n","protected":false},"author":2,"featured_media":0,"comment_status":"open","ping_status":"open","sticky":false,"template":"","format":"standard","meta":{"ocean_post_layout":"","ocean_both_sidebars_style":"","ocean_both_sidebars_content_width":0,"ocean_both_sidebars_sidebars_width":0,"ocean_sidebar":"","ocean_second_sidebar":"","ocean_disable_margins":"enable","ocean_add_body_class":"","ocean_shortcode_before_top_bar":"","ocean_shortcode_after_top_bar":"","ocean_shortcode_before_header":"","ocean_shortcode_after_header":"","ocean_has_shortcode":"","ocean_shortcode_after_title":"","ocean_shortcode_before_footer_widgets":"","ocean_shortcode_after_footer_widgets":"","ocean_shortcode_before_footer_bottom":"","ocean_shortcode_after_footer_bottom":"","ocean_display_top_bar":"default","ocean_display_header":"default","ocean_header_style":"","ocean_center_header_left_menu":"","ocean_custom_header_template":"","ocean_custom_logo":0,"ocean_custom_retina_logo":0,"ocean_custom_logo_max_width":0,"ocean_custom_logo_tablet_max_width":0,"ocean_custom_logo_mobile_max_width":0,"ocean_custom_logo_max_height":0,"ocean_custom_logo_tablet_max_height":0,"ocean_custom_logo_mobile_max_height":0,"ocean_header_custom_menu":"","ocean_menu_typo_font_family":"","ocean_menu_typo_font_subset":"","ocean_menu_typo_font_size":0,"ocean_menu_typo_font_size_tablet":0,"ocean_menu_typo_font_size_mobile":0,"ocean_menu_typo_font_size_unit":"px","ocean_menu_typo_font_weight":"","ocean_menu_typo_font_weight_tablet":"","ocean_menu_typo_font_weight_mobile":"","ocean_menu_typo_transform":"","ocean_menu_typo_transform_tablet":"","ocean_menu_typo_transform_mobile":"","ocean_menu_typo_line_height":0,"ocean_menu_typo_line_height_tablet":0,"ocean_menu_typo_line_height_mobile":0,"ocean_menu_typo_line_height_unit":"","ocean_menu_typo_spacing":0,"ocean_menu_typo_spacing_tablet":0,"ocean_menu_typo_spacing_mobile":0,"ocean_menu_typo_spacing_unit":"","ocean_menu_link_color":"","ocean_menu_link_color_hover":"","ocean_menu_link_color_active":"","ocean_menu_link_background":"","ocean_menu_link_hover_background":"","ocean_menu_link_active_background":"","ocean_menu_social_links_bg":"","ocean_menu_social_hover_links_bg":"","ocean_menu_social_links_color":"","ocean_menu_social_hover_links_color":"","ocean_disable_title":"default","ocean_disable_heading":"default","ocean_post_title":"","ocean_post_subheading":"","ocean_post_title_style":"","ocean_post_title_background_color":"","ocean_post_title_background":0,"ocean_post_title_bg_image_position":"","ocean_post_title_bg_image_attachment":"","ocean_post_title_bg_image_repeat":"","ocean_post_title_bg_image_size":"","ocean_post_title_height":0,"ocean_post_title_bg_overlay":0.5,"ocean_post_title_bg_overlay_color":"","ocean_disable_breadcrumbs":"default","ocean_breadcrumbs_color":"","ocean_breadcrumbs_separator_color":"","ocean_breadcrumbs_links_color":"","ocean_breadcrumbs_links_hover_color":"","ocean_display_footer_widgets":"default","ocean_display_footer_bottom":"default","ocean_custom_footer_template":"","ocean_post_oembed":"","ocean_post_self_hosted_media":"","ocean_post_video_embed":"","ocean_link_format":"","ocean_link_format_target":"self","ocean_quote_format":"","ocean_quote_format_link":"post","ocean_gallery_link_images":"on","ocean_gallery_id":[],"footnotes":""},"categories":[16],"tags":[105,118,119,117],"class_list":["post-4489","post","type-post","status-publish","format-standard","hentry","category-lecturas","tag-andes-tropicales","tag-diversidad","tag-ecosistema","tag-vegetacion","entry"],"yoast_head":"<!-- This site is optimized with the Yoast SEO plugin v26.8 - https:\/\/yoast.com\/product\/yoast-seo-wordpress\/ -->\n<title>Complejidad estructural de la vegetaci\u00f3n a lo largo de gradientes de elevaci\u00f3n: perspectivas desde los Andes tropicales - Programa Hidroclim\u00e1tico Regional para los Andes<\/title>\n<meta name=\"robots\" content=\"index, follow, max-snippet:-1, max-image-preview:large, max-video-preview:-1\" \/>\n<link rel=\"canonical\" href=\"https:\/\/www.andex-rhp.org\/?p=4489\" \/>\n<meta property=\"og:locale\" content=\"en_US\" \/>\n<meta property=\"og:type\" content=\"article\" \/>\n<meta property=\"og:title\" content=\"Complejidad estructural de la vegetaci\u00f3n a lo largo de gradientes de elevaci\u00f3n: perspectivas desde los Andes tropicales - Programa Hidroclim\u00e1tico Regional para los Andes\" \/>\n<meta property=\"og:description\" content=\"Por Leticia Avil\u00e9s* y Luis Camacho**\/ Aprovechando el dram\u00e1tico cambio de ecosistemas a lo largo de gradientes de elevaci\u00f3n, en Camacho et al. 2025 examinamos c\u00f3mo el volumen, densidad, y complejidad estructural de la vegetaci\u00f3n cambian a medida que selvas tropicales dan paso a bosques nublados y eventualmente a p\u00e1ramos en las estribaciones orientales de [&hellip;]\" \/>\n<meta property=\"og:url\" content=\"https:\/\/www.andex-rhp.org\/?p=4489\" \/>\n<meta property=\"og:site_name\" content=\"Programa Hidroclim\u00e1tico Regional para los Andes\" \/>\n<meta property=\"article:published_time\" content=\"2025-04-10T15:00:03+00:00\" \/>\n<meta property=\"article:modified_time\" content=\"2025-04-10T15:00:05+00:00\" \/>\n<meta name=\"author\" content=\"andex\" \/>\n<meta name=\"twitter:card\" content=\"summary_large_image\" \/>\n<meta name=\"twitter:label1\" content=\"Written by\" \/>\n\t<meta name=\"twitter:data1\" content=\"andex\" \/>\n\t<meta name=\"twitter:label2\" content=\"Est. reading time\" \/>\n\t<meta name=\"twitter:data2\" content=\"4 minutes\" \/>\n<script type=\"application\/ld+json\" class=\"yoast-schema-graph\">{\"@context\":\"https:\/\/schema.org\",\"@graph\":[{\"@type\":\"Article\",\"@id\":\"https:\/\/www.andex-rhp.org\/?p=4489#article\",\"isPartOf\":{\"@id\":\"https:\/\/www.andex-rhp.org\/?p=4489\"},\"author\":{\"name\":\"andex\",\"@id\":\"https:\/\/www.andex-rhp.org\/#\/schema\/person\/502e4f38fe30f00d8b101cd988a956fb\"},\"headline\":\"Complejidad estructural de la vegetaci\u00f3n a lo largo de gradientes de elevaci\u00f3n: perspectivas desde los Andes tropicales\",\"datePublished\":\"2025-04-10T15:00:03+00:00\",\"dateModified\":\"2025-04-10T15:00:05+00:00\",\"mainEntityOfPage\":{\"@id\":\"https:\/\/www.andex-rhp.org\/?p=4489\"},\"wordCount\":927,\"commentCount\":0,\"publisher\":{\"@id\":\"https:\/\/www.andex-rhp.org\/#organization\"},\"keywords\":[\"Andes tropicales\",\"Diversidad\",\"ecosistema\",\"Vegetaci\u00f3n\"],\"articleSection\":[\"Lecturas\"],\"inLanguage\":\"en-US\",\"potentialAction\":[{\"@type\":\"CommentAction\",\"name\":\"Comment\",\"target\":[\"https:\/\/www.andex-rhp.org\/?p=4489#respond\"]}]},{\"@type\":\"WebPage\",\"@id\":\"https:\/\/www.andex-rhp.org\/?p=4489\",\"url\":\"https:\/\/www.andex-rhp.org\/?p=4489\",\"name\":\"Complejidad estructural de la vegetaci\u00f3n a lo largo de gradientes de elevaci\u00f3n: perspectivas desde los Andes tropicales - Programa Hidroclim\u00e1tico Regional para los Andes\",\"isPartOf\":{\"@id\":\"https:\/\/www.andex-rhp.org\/#website\"},\"datePublished\":\"2025-04-10T15:00:03+00:00\",\"dateModified\":\"2025-04-10T15:00:05+00:00\",\"breadcrumb\":{\"@id\":\"https:\/\/www.andex-rhp.org\/?p=4489#breadcrumb\"},\"inLanguage\":\"en-US\",\"potentialAction\":[{\"@type\":\"ReadAction\",\"target\":[\"https:\/\/www.andex-rhp.org\/?p=4489\"]}]},{\"@type\":\"BreadcrumbList\",\"@id\":\"https:\/\/www.andex-rhp.org\/?p=4489#breadcrumb\",\"itemListElement\":[{\"@type\":\"ListItem\",\"position\":1,\"name\":\"Home\",\"item\":\"https:\/\/www.andex-rhp.org\/\"},{\"@type\":\"ListItem\",\"position\":2,\"name\":\"Complejidad estructural de la vegetaci\u00f3n a lo largo de gradientes de elevaci\u00f3n: perspectivas desde los Andes tropicales\"}]},{\"@type\":\"WebSite\",\"@id\":\"https:\/\/www.andex-rhp.org\/#website\",\"url\":\"https:\/\/www.andex-rhp.org\/\",\"name\":\"Programa Hidroclim\u00e1tico Regional para los Andes\",\"description\":\"ANDEX\",\"publisher\":{\"@id\":\"https:\/\/www.andex-rhp.org\/#organization\"},\"potentialAction\":[{\"@type\":\"SearchAction\",\"target\":{\"@type\":\"EntryPoint\",\"urlTemplate\":\"https:\/\/www.andex-rhp.org\/?s={search_term_string}\"},\"query-input\":{\"@type\":\"PropertyValueSpecification\",\"valueRequired\":true,\"valueName\":\"search_term_string\"}}],\"inLanguage\":\"en-US\"},{\"@type\":\"Organization\",\"@id\":\"https:\/\/www.andex-rhp.org\/#organization\",\"name\":\"Programa Hidroclim\u00e1tico Regional para los Andes\",\"url\":\"https:\/\/www.andex-rhp.org\/\",\"logo\":{\"@type\":\"ImageObject\",\"inLanguage\":\"en-US\",\"@id\":\"https:\/\/www.andex-rhp.org\/#\/schema\/logo\/image\/\",\"url\":\"https:\/\/www.andex-rhp.org\/wp-content\/uploads\/2024\/04\/cropped-cropped-logo_ANDEX_color_trans1.png\",\"contentUrl\":\"https:\/\/www.andex-rhp.org\/wp-content\/uploads\/2024\/04\/cropped-cropped-logo_ANDEX_color_trans1.png\",\"width\":555,\"height\":444,\"caption\":\"Programa Hidroclim\u00e1tico Regional para los Andes\"},\"image\":{\"@id\":\"https:\/\/www.andex-rhp.org\/#\/schema\/logo\/image\/\"}},{\"@type\":\"Person\",\"@id\":\"https:\/\/www.andex-rhp.org\/#\/schema\/person\/502e4f38fe30f00d8b101cd988a956fb\",\"name\":\"andex\",\"image\":{\"@type\":\"ImageObject\",\"inLanguage\":\"en-US\",\"@id\":\"https:\/\/www.andex-rhp.org\/#\/schema\/person\/image\/\",\"url\":\"https:\/\/secure.gravatar.com\/avatar\/23494ed4720f39176481de38bcdec2a13011e1321adeb3faa91d0e623a2a8587?s=96&d=mm&r=g\",\"contentUrl\":\"https:\/\/secure.gravatar.com\/avatar\/23494ed4720f39176481de38bcdec2a13011e1321adeb3faa91d0e623a2a8587?s=96&d=mm&r=g\",\"caption\":\"andex\"},\"url\":\"https:\/\/www.andex-rhp.org\/?author=2\"}]}<\/script>\n<!-- \/ Yoast SEO plugin. -->","yoast_head_json":{"title":"Complejidad estructural de la vegetaci\u00f3n a lo largo de gradientes de elevaci\u00f3n: perspectivas desde los Andes tropicales - Programa Hidroclim\u00e1tico Regional para los Andes","robots":{"index":"index","follow":"follow","max-snippet":"max-snippet:-1","max-image-preview":"max-image-preview:large","max-video-preview":"max-video-preview:-1"},"canonical":"https:\/\/www.andex-rhp.org\/?p=4489","og_locale":"en_US","og_type":"article","og_title":"Complejidad estructural de la vegetaci\u00f3n a lo largo de gradientes de elevaci\u00f3n: perspectivas desde los Andes tropicales - Programa Hidroclim\u00e1tico Regional para los Andes","og_description":"Por Leticia Avil\u00e9s* y Luis Camacho**\/ Aprovechando el dram\u00e1tico cambio de ecosistemas a lo largo de gradientes de elevaci\u00f3n, en Camacho et al. 2025 examinamos c\u00f3mo el volumen, densidad, y complejidad estructural de la vegetaci\u00f3n cambian a medida que selvas tropicales dan paso a bosques nublados y eventualmente a p\u00e1ramos en las estribaciones orientales de [&hellip;]","og_url":"https:\/\/www.andex-rhp.org\/?p=4489","og_site_name":"Programa Hidroclim\u00e1tico Regional para los Andes","article_published_time":"2025-04-10T15:00:03+00:00","article_modified_time":"2025-04-10T15:00:05+00:00","author":"andex","twitter_card":"summary_large_image","twitter_misc":{"Written by":"andex","Est. reading time":"4 minutes"},"schema":{"@context":"https:\/\/schema.org","@graph":[{"@type":"Article","@id":"https:\/\/www.andex-rhp.org\/?p=4489#article","isPartOf":{"@id":"https:\/\/www.andex-rhp.org\/?p=4489"},"author":{"name":"andex","@id":"https:\/\/www.andex-rhp.org\/#\/schema\/person\/502e4f38fe30f00d8b101cd988a956fb"},"headline":"Complejidad estructural de la vegetaci\u00f3n a lo largo de gradientes de elevaci\u00f3n: perspectivas desde los Andes tropicales","datePublished":"2025-04-10T15:00:03+00:00","dateModified":"2025-04-10T15:00:05+00:00","mainEntityOfPage":{"@id":"https:\/\/www.andex-rhp.org\/?p=4489"},"wordCount":927,"commentCount":0,"publisher":{"@id":"https:\/\/www.andex-rhp.org\/#organization"},"keywords":["Andes tropicales","Diversidad","ecosistema","Vegetaci\u00f3n"],"articleSection":["Lecturas"],"inLanguage":"en-US","potentialAction":[{"@type":"CommentAction","name":"Comment","target":["https:\/\/www.andex-rhp.org\/?p=4489#respond"]}]},{"@type":"WebPage","@id":"https:\/\/www.andex-rhp.org\/?p=4489","url":"https:\/\/www.andex-rhp.org\/?p=4489","name":"Complejidad estructural de la vegetaci\u00f3n a lo largo de gradientes de elevaci\u00f3n: perspectivas desde los Andes tropicales - Programa Hidroclim\u00e1tico Regional para los Andes","isPartOf":{"@id":"https:\/\/www.andex-rhp.org\/#website"},"datePublished":"2025-04-10T15:00:03+00:00","dateModified":"2025-04-10T15:00:05+00:00","breadcrumb":{"@id":"https:\/\/www.andex-rhp.org\/?p=4489#breadcrumb"},"inLanguage":"en-US","potentialAction":[{"@type":"ReadAction","target":["https:\/\/www.andex-rhp.org\/?p=4489"]}]},{"@type":"BreadcrumbList","@id":"https:\/\/www.andex-rhp.org\/?p=4489#breadcrumb","itemListElement":[{"@type":"ListItem","position":1,"name":"Home","item":"https:\/\/www.andex-rhp.org\/"},{"@type":"ListItem","position":2,"name":"Complejidad estructural de la vegetaci\u00f3n a lo largo de gradientes de elevaci\u00f3n: perspectivas desde los Andes tropicales"}]},{"@type":"WebSite","@id":"https:\/\/www.andex-rhp.org\/#website","url":"https:\/\/www.andex-rhp.org\/","name":"Programa Hidroclim\u00e1tico Regional para los Andes","description":"ANDEX","publisher":{"@id":"https:\/\/www.andex-rhp.org\/#organization"},"potentialAction":[{"@type":"SearchAction","target":{"@type":"EntryPoint","urlTemplate":"https:\/\/www.andex-rhp.org\/?s={search_term_string}"},"query-input":{"@type":"PropertyValueSpecification","valueRequired":true,"valueName":"search_term_string"}}],"inLanguage":"en-US"},{"@type":"Organization","@id":"https:\/\/www.andex-rhp.org\/#organization","name":"Programa Hidroclim\u00e1tico Regional para los Andes","url":"https:\/\/www.andex-rhp.org\/","logo":{"@type":"ImageObject","inLanguage":"en-US","@id":"https:\/\/www.andex-rhp.org\/#\/schema\/logo\/image\/","url":"https:\/\/www.andex-rhp.org\/wp-content\/uploads\/2024\/04\/cropped-cropped-logo_ANDEX_color_trans1.png","contentUrl":"https:\/\/www.andex-rhp.org\/wp-content\/uploads\/2024\/04\/cropped-cropped-logo_ANDEX_color_trans1.png","width":555,"height":444,"caption":"Programa Hidroclim\u00e1tico Regional para los Andes"},"image":{"@id":"https:\/\/www.andex-rhp.org\/#\/schema\/logo\/image\/"}},{"@type":"Person","@id":"https:\/\/www.andex-rhp.org\/#\/schema\/person\/502e4f38fe30f00d8b101cd988a956fb","name":"andex","image":{"@type":"ImageObject","inLanguage":"en-US","@id":"https:\/\/www.andex-rhp.org\/#\/schema\/person\/image\/","url":"https:\/\/secure.gravatar.com\/avatar\/23494ed4720f39176481de38bcdec2a13011e1321adeb3faa91d0e623a2a8587?s=96&d=mm&r=g","contentUrl":"https:\/\/secure.gravatar.com\/avatar\/23494ed4720f39176481de38bcdec2a13011e1321adeb3faa91d0e623a2a8587?s=96&d=mm&r=g","caption":"andex"},"url":"https:\/\/www.andex-rhp.org\/?author=2"}]}},"_links":{"self":[{"href":"https:\/\/www.andex-rhp.org\/index.php?rest_route=\/wp\/v2\/posts\/4489","targetHints":{"allow":["GET"]}}],"collection":[{"href":"https:\/\/www.andex-rhp.org\/index.php?rest_route=\/wp\/v2\/posts"}],"about":[{"href":"https:\/\/www.andex-rhp.org\/index.php?rest_route=\/wp\/v2\/types\/post"}],"author":[{"embeddable":true,"href":"https:\/\/www.andex-rhp.org\/index.php?rest_route=\/wp\/v2\/users\/2"}],"replies":[{"embeddable":true,"href":"https:\/\/www.andex-rhp.org\/index.php?rest_route=%2Fwp%2Fv2%2Fcomments&post=4489"}],"version-history":[{"count":2,"href":"https:\/\/www.andex-rhp.org\/index.php?rest_route=\/wp\/v2\/posts\/4489\/revisions"}],"predecessor-version":[{"id":4494,"href":"https:\/\/www.andex-rhp.org\/index.php?rest_route=\/wp\/v2\/posts\/4489\/revisions\/4494"}],"wp:attachment":[{"href":"https:\/\/www.andex-rhp.org\/index.php?rest_route=%2Fwp%2Fv2%2Fmedia&parent=4489"}],"wp:term":[{"taxonomy":"category","embeddable":true,"href":"https:\/\/www.andex-rhp.org\/index.php?rest_route=%2Fwp%2Fv2%2Fcategories&post=4489"},{"taxonomy":"post_tag","embeddable":true,"href":"https:\/\/www.andex-rhp.org\/index.php?rest_route=%2Fwp%2Fv2%2Ftags&post=4489"}],"curies":[{"name":"wp","href":"https:\/\/api.w.org\/{rel}","templated":true}]}}