{"id":4140,"date":"2024-10-11T14:04:22","date_gmt":"2024-10-11T14:04:22","guid":{"rendered":"https:\/\/www.andex-rhp.org\/?p=4140"},"modified":"2024-10-11T14:04:24","modified_gmt":"2024-10-11T14:04:24","slug":"conectando-el-futuro-jovenandex-nueva-red-para-la-colaboracion-y-el-desarrollo-de-jovenes-investigadores-del-programa-andex","status":"publish","type":"post","link":"https:\/\/www.andex-rhp.org\/?p=4140","title":{"rendered":"Conectando el Futuro: JovenANDEX, Nueva Red para la Colaboraci\u00f3n y el Desarrollo de J\u00f3venes Investigadores del Programa ANDEX"},"content":{"rendered":"\n<p><strong>Por Nicole Reyes<sup>1<\/sup>, Luc\u00eda M. Cappelletti<sup>2<\/sup>, Mariano Masiokas<sup>3<\/sup> y Jhan-Carlo Espinoza<sup>4<\/sup> \/<\/strong><\/p>\n\n\n\n<p>ANDEX, como red cient\u00edfica, tiene entre sus prioridades fomentar la colaboraci\u00f3n entre j\u00f3venes investigadores. As\u00ed surge <strong>JovenANDEX<\/strong>, una red dedicada a integrar la perspectiva de les j\u00f3venes en la comunidad cient\u00edfica, desarrollando actividades espec\u00edficas para profesionales en las primeras etapas de su carrera.<\/p>\n\n\n\n<p>El objetivo principal de JovenANDEX es promover la colaboraci\u00f3n entre j\u00f3venes investigadores de diversas disciplinas, tanto a nivel local, como regional y global, creando oportunidades para su desarrollo profesional y personal. Adem\u00e1s, busca fomentar la participaci\u00f3n juvenil en espacios cient\u00edficos clave, ampliando el impacto de sus investigaciones m\u00e1s all\u00e1 de la academia.<\/p>\n\n\n\n<p><strong>\u00bfQui\u00e9nes forman parte de JovenANDEX?<br><br><\/strong>JovenANDEX est\u00e1 integrada por j\u00f3venes profesionales que residan (o no) en los pa\u00edses andinos y que realicen sus investigaciones en los Andes en \u00e1reas relacionadas con las Ciencias Naturales y Sociales.<\/p>\n\n\n\n<p><strong>\u00bfA qui\u00e9n est\u00e1 dirigida?<br><br><\/strong>JovenANDEX est\u00e1 dirigida a personas que est\u00e1n cursando una maestr\u00eda, doctorado, postdoctorado, o que se encuentran en los primeros siete a\u00f1os* de su carrera cient\u00edfica. Aunque el enfoque est\u00e1 en la academia, tambi\u00e9n pueden unirse profesionales de otros sectores vinculados como ONGs, instituciones gubernamentales y empresas privadas.<\/p>\n\n\n\n<p>(*) Contando desde su \u00faltimo t\u00edtulo acad\u00e9mico. El per\u00edodo de siete a\u00f1os no incluye licencias por maternidad, paternidad o enfermedad.<\/p>\n\n\n\n<p><strong>\u00bfQu\u00e9 actividades realiza JovenANDEX?<br><br><\/strong>Desde sus inicios, la red ha organizado diferentes actividades para sus miembros. Entre ellas, JovenANDEX lleva adelante los &#8220;Clubes de Lectura&#8221;, actividades mensuales donde los participantes debaten e intercambian ideas y conocimientos con expertos en temas hidroclim\u00e1ticos. Actualmente, los clubes establecidos son &#8220;Hidrolog\u00eda continental&#8221;, &#8220;Modelado&nbsp; del sistema clim\u00e1tico&#8221; y &#8220;Cri\u00f3sfera y recursos h\u00eddricos de alta monta\u00f1a&#8221;.<\/p>\n\n\n\n<p>Otra actividad destacada de la red es la <a href=\"https:\/\/drive.google.com\/drive\/folders\/19XVWz3FZkYJuVYVOyAoLlS7-4D6S9LEQ?usp=sharing\">sesi\u00f3n de p\u00f3steres<\/a>, que se realiza en el marco de las reuniones anuales de ANDEX. Este espacio ofrece a j\u00f3venes investigadores una plataforma para presentar y discutir sus trabajos con sus pares, as\u00ed como tambi\u00e9n con investigadores consolidados, generando valiosas oportunidades de retroalimentaci\u00f3n, colaboraci\u00f3n y aprendizaje.\u00a0<\/p>\n\n\n\n<p>Por otro lado, miembros de JovenANDEX participan activamente en el Observatorio Ciencia Clim\u00e1tica, una iniciativa del Ministerio del Ambiente de Per\u00fa, gestionada por el Instituto Geof\u00edsico del Per\u00fa, cuyo objetivo es facilitar el acceso a informaci\u00f3n cient\u00edfica sobre cambio clim\u00e1tico para tomadores de decisiones y p\u00fablico en general.<\/p>\n\n\n\n<p><strong>\u00bfC\u00f3mo ser parte de JovenANDEX?<\/strong><\/p>\n\n\n\n<p>Les compartimos un <a href=\"https:\/\/drive.google.com\/file\/d\/1UET2yhQem0JY6wwaP_IyUURy3-DdFvF7\/view?usp=sharing\">documento<\/a> que presenta los objetivos a corto y largo plazo de esta red, elaborado de manera colaborativa por sus miembros. Tambi\u00e9n incluimos un <a href=\"https:\/\/forms.gle\/ij6TzcZhJ5GHQFj57\">formulario<\/a> abierto para comentarios y sugerencias, as\u00ed como un espacio para que expresen su inter\u00e9s en ser miembros activos de alguno de los grupos de trabajo de la red.&nbsp;<\/p>\n\n\n\n<p>Al completar este formulario, podr\u00e1n acceder al canal de Slack de JovenANDEX, lo que facilitar\u00e1 una colaboraci\u00f3n m\u00e1s cercana y eficiente en las actividades y proyectos de la red.<\/p>\n\n\n\n<p class=\"has-text-align-center\"><em><strong>\u00a1Esperamos poder sumar sus aportes y continuar desarrollando JovenANDEX!<\/strong><\/em><\/p>\n\n\n\n<hr class=\"wp-block-separator has-alpha-channel-opacity\"\/>\n\n\n\n<p><sup>1<\/sup>Observatorio de Conocimiento Cient\u00edfico sobre Cambio Clim\u00e1tico del Per\u00fa. Instituto Geof\u00edsico del Per\u00fa, Lima, Per\u00fa<br><sup>2<\/sup>Centro de Investigaci\u00f3n del Mar y la Atm\u00f3sfera\u2013UBA\/CONICET, Argentina<br><sup>3<\/sup>Instituto Argentino de Nivolog\u00eda,Glaciolog\u00eda y Ciencias Ambientales (IANIGLA), CCT CONICET Mendoza, Argentina<br><sup>4<\/sup>Univ. Grenoble Alpes, Institut de Recherche pour le D\u00e9veloppement, CNRS, Grenoble Institut d\u2019Ing\u00e9nierie et de Management, Institut des G\u00e9osciences de l\u2019Environnement, Grenoble, France. Instituto de Investigaci\u00f3n sobre la Ense\u00f1anza de las Matem\u00e1ticas, Pontificia Universidad Cat\u00f3lica del Per\u00fa, Lima, Per\u00fa.<\/p>\n\n\n\n<p><\/p>\n","protected":false},"excerpt":{"rendered":"<p>Por Nicole Reyes1, Luc\u00eda M. Cappelletti2, Mariano Masiokas3 y Jhan-Carlo Espinoza4 \/ ANDEX, como red cient\u00edfica, tiene entre sus prioridades fomentar la colaboraci\u00f3n entre j\u00f3venes investigadores. As\u00ed surge JovenANDEX, una red dedicada a integrar la perspectiva de les j\u00f3venes en la comunidad cient\u00edfica, desarrollando actividades espec\u00edficas para profesionales en las primeras etapas de su carrera. [&hellip;]<\/p>\n","protected":false},"author":2,"featured_media":4143,"comment_status":"open","ping_status":"open","sticky":false,"template":"","format":"standard","meta":{"ocean_post_layout":"","ocean_both_sidebars_style":"","ocean_both_sidebars_content_width":0,"ocean_both_sidebars_sidebars_width":0,"ocean_sidebar":"","ocean_second_sidebar":"","ocean_disable_margins":"enable","ocean_add_body_class":"","ocean_shortcode_before_top_bar":"","ocean_shortcode_after_top_bar":"","ocean_shortcode_before_header":"","ocean_shortcode_after_header":"","ocean_has_shortcode":"","ocean_shortcode_after_title":"","ocean_shortcode_before_footer_widgets":"","ocean_shortcode_after_footer_widgets":"","ocean_shortcode_before_footer_bottom":"","ocean_shortcode_after_footer_bottom":"","ocean_display_top_bar":"default","ocean_display_header":"default","ocean_header_style":"","ocean_center_header_left_menu":"","ocean_custom_header_template":"","ocean_custom_logo":0,"ocean_custom_retina_logo":0,"ocean_custom_logo_max_width":0,"ocean_custom_logo_tablet_max_width":0,"ocean_custom_logo_mobile_max_width":0,"ocean_custom_logo_max_height":0,"ocean_custom_logo_tablet_max_height":0,"ocean_custom_logo_mobile_max_height":0,"ocean_header_custom_menu":"","ocean_menu_typo_font_family":"","ocean_menu_typo_font_subset":"","ocean_menu_typo_font_size":0,"ocean_menu_typo_font_size_tablet":0,"ocean_menu_typo_font_size_mobile":0,"ocean_menu_typo_font_size_unit":"px","ocean_menu_typo_font_weight":"","ocean_menu_typo_font_weight_tablet":"","ocean_menu_typo_font_weight_mobile":"","ocean_menu_typo_transform":"","ocean_menu_typo_transform_tablet":"","ocean_menu_typo_transform_mobile":"","ocean_menu_typo_line_height":0,"ocean_menu_typo_line_height_tablet":0,"ocean_menu_typo_line_height_mobile":0,"ocean_menu_typo_line_height_unit":"","ocean_menu_typo_spacing":0,"ocean_menu_typo_spacing_tablet":0,"ocean_menu_typo_spacing_mobile":0,"ocean_menu_typo_spacing_unit":"","ocean_menu_link_color":"","ocean_menu_link_color_hover":"","ocean_menu_link_color_active":"","ocean_menu_link_background":"","ocean_menu_link_hover_background":"","ocean_menu_link_active_background":"","ocean_menu_social_links_bg":"","ocean_menu_social_hover_links_bg":"","ocean_menu_social_links_color":"","ocean_menu_social_hover_links_color":"","ocean_disable_title":"default","ocean_disable_heading":"default","ocean_post_title":"","ocean_post_subheading":"","ocean_post_title_style":"","ocean_post_title_background_color":"","ocean_post_title_background":0,"ocean_post_title_bg_image_position":"","ocean_post_title_bg_image_attachment":"","ocean_post_title_bg_image_repeat":"","ocean_post_title_bg_image_size":"","ocean_post_title_height":0,"ocean_post_title_bg_overlay":0.5,"ocean_post_title_bg_overlay_color":"","ocean_disable_breadcrumbs":"default","ocean_breadcrumbs_color":"","ocean_breadcrumbs_separator_color":"","ocean_breadcrumbs_links_color":"","ocean_breadcrumbs_links_hover_color":"","ocean_display_footer_widgets":"default","ocean_display_footer_bottom":"default","ocean_custom_footer_template":"","ocean_post_oembed":"","ocean_post_self_hosted_media":"","ocean_post_video_embed":"","ocean_link_format":"","ocean_link_format_target":"self","ocean_quote_format":"","ocean_quote_format_link":"post","ocean_gallery_link_images":"on","ocean_gallery_id":[],"footnotes":""},"categories":[16],"tags":[52,50,51,53],"class_list":["post-4140","post","type-post","status-publish","format-standard","has-post-thumbnail","hentry","category-lecturas","tag-investigadores","tag-jovenandex","tag-jovenes","tag-red-joven","entry","has-media"],"yoast_head":"<!-- This site is optimized with the Yoast SEO plugin v26.8 - https:\/\/yoast.com\/product\/yoast-seo-wordpress\/ -->\n<title>Conectando el Futuro: JovenANDEX, Nueva Red para la Colaboraci\u00f3n y el Desarrollo de J\u00f3venes Investigadores del Programa ANDEX - Programa Hidroclim\u00e1tico Regional para los Andes<\/title>\n<meta name=\"robots\" content=\"index, follow, max-snippet:-1, max-image-preview:large, max-video-preview:-1\" \/>\n<link rel=\"canonical\" href=\"https:\/\/www.andex-rhp.org\/?p=4140\" \/>\n<meta property=\"og:locale\" content=\"en_US\" \/>\n<meta property=\"og:type\" content=\"article\" \/>\n<meta property=\"og:title\" content=\"Conectando el Futuro: JovenANDEX, Nueva Red para la Colaboraci\u00f3n y el Desarrollo de J\u00f3venes Investigadores del Programa ANDEX - Programa Hidroclim\u00e1tico Regional para los Andes\" \/>\n<meta property=\"og:description\" content=\"Por Nicole Reyes1, Luc\u00eda M. Cappelletti2, Mariano Masiokas3 y Jhan-Carlo Espinoza4 \/ ANDEX, como red cient\u00edfica, tiene entre sus prioridades fomentar la colaboraci\u00f3n entre j\u00f3venes investigadores. As\u00ed surge JovenANDEX, una red dedicada a integrar la perspectiva de les j\u00f3venes en la comunidad cient\u00edfica, desarrollando actividades espec\u00edficas para profesionales en las primeras etapas de su carrera. [&hellip;]\" \/>\n<meta property=\"og:url\" content=\"https:\/\/www.andex-rhp.org\/?p=4140\" \/>\n<meta property=\"og:site_name\" content=\"Programa Hidroclim\u00e1tico Regional para los Andes\" \/>\n<meta property=\"article:published_time\" content=\"2024-10-11T14:04:22+00:00\" \/>\n<meta property=\"article:modified_time\" content=\"2024-10-11T14:04:24+00:00\" \/>\n<meta property=\"og:image\" content=\"https:\/\/www.andex-rhp.org\/wp-content\/uploads\/2024\/10\/DSC_0402-2.jpg\" \/>\n\t<meta property=\"og:image:width\" content=\"1500\" \/>\n\t<meta property=\"og:image:height\" content=\"1000\" \/>\n\t<meta property=\"og:image:type\" content=\"image\/jpeg\" \/>\n<meta name=\"author\" content=\"andex\" \/>\n<meta name=\"twitter:card\" content=\"summary_large_image\" \/>\n<meta name=\"twitter:label1\" content=\"Written by\" \/>\n\t<meta name=\"twitter:data1\" content=\"andex\" \/>\n\t<meta name=\"twitter:label2\" content=\"Est. reading time\" \/>\n\t<meta name=\"twitter:data2\" content=\"3 minutes\" \/>\n<script type=\"application\/ld+json\" class=\"yoast-schema-graph\">{\"@context\":\"https:\/\/schema.org\",\"@graph\":[{\"@type\":\"Article\",\"@id\":\"https:\/\/www.andex-rhp.org\/?p=4140#article\",\"isPartOf\":{\"@id\":\"https:\/\/www.andex-rhp.org\/?p=4140\"},\"author\":{\"name\":\"andex\",\"@id\":\"https:\/\/www.andex-rhp.org\/#\/schema\/person\/502e4f38fe30f00d8b101cd988a956fb\"},\"headline\":\"Conectando el Futuro: JovenANDEX, Nueva Red para la Colaboraci\u00f3n y el Desarrollo de J\u00f3venes Investigadores del Programa ANDEX\",\"datePublished\":\"2024-10-11T14:04:22+00:00\",\"dateModified\":\"2024-10-11T14:04:24+00:00\",\"mainEntityOfPage\":{\"@id\":\"https:\/\/www.andex-rhp.org\/?p=4140\"},\"wordCount\":638,\"commentCount\":0,\"publisher\":{\"@id\":\"https:\/\/www.andex-rhp.org\/#organization\"},\"image\":{\"@id\":\"https:\/\/www.andex-rhp.org\/?p=4140#primaryimage\"},\"thumbnailUrl\":\"https:\/\/www.andex-rhp.org\/wp-content\/uploads\/2024\/10\/DSC_0402-2.jpg\",\"keywords\":[\"Investigadores\",\"JovenAndex\",\"J\u00f3venes\",\"Red Joven\"],\"articleSection\":[\"Lecturas\"],\"inLanguage\":\"en-US\",\"potentialAction\":[{\"@type\":\"CommentAction\",\"name\":\"Comment\",\"target\":[\"https:\/\/www.andex-rhp.org\/?p=4140#respond\"]}]},{\"@type\":\"WebPage\",\"@id\":\"https:\/\/www.andex-rhp.org\/?p=4140\",\"url\":\"https:\/\/www.andex-rhp.org\/?p=4140\",\"name\":\"Conectando el Futuro: JovenANDEX, Nueva Red para la Colaboraci\u00f3n y el Desarrollo de J\u00f3venes Investigadores del Programa ANDEX - Programa Hidroclim\u00e1tico Regional para los Andes\",\"isPartOf\":{\"@id\":\"https:\/\/www.andex-rhp.org\/#website\"},\"primaryImageOfPage\":{\"@id\":\"https:\/\/www.andex-rhp.org\/?p=4140#primaryimage\"},\"image\":{\"@id\":\"https:\/\/www.andex-rhp.org\/?p=4140#primaryimage\"},\"thumbnailUrl\":\"https:\/\/www.andex-rhp.org\/wp-content\/uploads\/2024\/10\/DSC_0402-2.jpg\",\"datePublished\":\"2024-10-11T14:04:22+00:00\",\"dateModified\":\"2024-10-11T14:04:24+00:00\",\"breadcrumb\":{\"@id\":\"https:\/\/www.andex-rhp.org\/?p=4140#breadcrumb\"},\"inLanguage\":\"en-US\",\"potentialAction\":[{\"@type\":\"ReadAction\",\"target\":[\"https:\/\/www.andex-rhp.org\/?p=4140\"]}]},{\"@type\":\"ImageObject\",\"inLanguage\":\"en-US\",\"@id\":\"https:\/\/www.andex-rhp.org\/?p=4140#primaryimage\",\"url\":\"https:\/\/www.andex-rhp.org\/wp-content\/uploads\/2024\/10\/DSC_0402-2.jpg\",\"contentUrl\":\"https:\/\/www.andex-rhp.org\/wp-content\/uploads\/2024\/10\/DSC_0402-2.jpg\",\"width\":1500,\"height\":1000,\"caption\":\"JovenANDEX, Lima, Per\u00fa (2024) Cr\u00e9dito: Federico Pipitone\"},{\"@type\":\"BreadcrumbList\",\"@id\":\"https:\/\/www.andex-rhp.org\/?p=4140#breadcrumb\",\"itemListElement\":[{\"@type\":\"ListItem\",\"position\":1,\"name\":\"Home\",\"item\":\"https:\/\/www.andex-rhp.org\/\"},{\"@type\":\"ListItem\",\"position\":2,\"name\":\"Conectando el Futuro: JovenANDEX, Nueva Red para la Colaboraci\u00f3n y el Desarrollo de J\u00f3venes Investigadores del Programa ANDEX\"}]},{\"@type\":\"WebSite\",\"@id\":\"https:\/\/www.andex-rhp.org\/#website\",\"url\":\"https:\/\/www.andex-rhp.org\/\",\"name\":\"Programa Hidroclim\u00e1tico Regional para los Andes\",\"description\":\"ANDEX\",\"publisher\":{\"@id\":\"https:\/\/www.andex-rhp.org\/#organization\"},\"potentialAction\":[{\"@type\":\"SearchAction\",\"target\":{\"@type\":\"EntryPoint\",\"urlTemplate\":\"https:\/\/www.andex-rhp.org\/?s={search_term_string}\"},\"query-input\":{\"@type\":\"PropertyValueSpecification\",\"valueRequired\":true,\"valueName\":\"search_term_string\"}}],\"inLanguage\":\"en-US\"},{\"@type\":\"Organization\",\"@id\":\"https:\/\/www.andex-rhp.org\/#organization\",\"name\":\"Programa Hidroclim\u00e1tico Regional para los Andes\",\"url\":\"https:\/\/www.andex-rhp.org\/\",\"logo\":{\"@type\":\"ImageObject\",\"inLanguage\":\"en-US\",\"@id\":\"https:\/\/www.andex-rhp.org\/#\/schema\/logo\/image\/\",\"url\":\"https:\/\/www.andex-rhp.org\/wp-content\/uploads\/2024\/04\/cropped-cropped-logo_ANDEX_color_trans1.png\",\"contentUrl\":\"https:\/\/www.andex-rhp.org\/wp-content\/uploads\/2024\/04\/cropped-cropped-logo_ANDEX_color_trans1.png\",\"width\":555,\"height\":444,\"caption\":\"Programa Hidroclim\u00e1tico Regional para los Andes\"},\"image\":{\"@id\":\"https:\/\/www.andex-rhp.org\/#\/schema\/logo\/image\/\"}},{\"@type\":\"Person\",\"@id\":\"https:\/\/www.andex-rhp.org\/#\/schema\/person\/502e4f38fe30f00d8b101cd988a956fb\",\"name\":\"andex\",\"image\":{\"@type\":\"ImageObject\",\"inLanguage\":\"en-US\",\"@id\":\"https:\/\/www.andex-rhp.org\/#\/schema\/person\/image\/\",\"url\":\"https:\/\/secure.gravatar.com\/avatar\/23494ed4720f39176481de38bcdec2a13011e1321adeb3faa91d0e623a2a8587?s=96&d=mm&r=g\",\"contentUrl\":\"https:\/\/secure.gravatar.com\/avatar\/23494ed4720f39176481de38bcdec2a13011e1321adeb3faa91d0e623a2a8587?s=96&d=mm&r=g\",\"caption\":\"andex\"},\"url\":\"https:\/\/www.andex-rhp.org\/?author=2\"}]}<\/script>\n<!-- \/ Yoast SEO plugin. -->","yoast_head_json":{"title":"Conectando el Futuro: JovenANDEX, Nueva Red para la Colaboraci\u00f3n y el Desarrollo de J\u00f3venes Investigadores del Programa ANDEX - Programa Hidroclim\u00e1tico Regional para los Andes","robots":{"index":"index","follow":"follow","max-snippet":"max-snippet:-1","max-image-preview":"max-image-preview:large","max-video-preview":"max-video-preview:-1"},"canonical":"https:\/\/www.andex-rhp.org\/?p=4140","og_locale":"en_US","og_type":"article","og_title":"Conectando el Futuro: JovenANDEX, Nueva Red para la Colaboraci\u00f3n y el Desarrollo de J\u00f3venes Investigadores del Programa ANDEX - Programa Hidroclim\u00e1tico Regional para los Andes","og_description":"Por Nicole Reyes1, Luc\u00eda M. Cappelletti2, Mariano Masiokas3 y Jhan-Carlo Espinoza4 \/ ANDEX, como red cient\u00edfica, tiene entre sus prioridades fomentar la colaboraci\u00f3n entre j\u00f3venes investigadores. As\u00ed surge JovenANDEX, una red dedicada a integrar la perspectiva de les j\u00f3venes en la comunidad cient\u00edfica, desarrollando actividades espec\u00edficas para profesionales en las primeras etapas de su carrera. [&hellip;]","og_url":"https:\/\/www.andex-rhp.org\/?p=4140","og_site_name":"Programa Hidroclim\u00e1tico Regional para los Andes","article_published_time":"2024-10-11T14:04:22+00:00","article_modified_time":"2024-10-11T14:04:24+00:00","og_image":[{"width":1500,"height":1000,"url":"https:\/\/www.andex-rhp.org\/wp-content\/uploads\/2024\/10\/DSC_0402-2.jpg","type":"image\/jpeg"}],"author":"andex","twitter_card":"summary_large_image","twitter_misc":{"Written by":"andex","Est. reading time":"3 minutes"},"schema":{"@context":"https:\/\/schema.org","@graph":[{"@type":"Article","@id":"https:\/\/www.andex-rhp.org\/?p=4140#article","isPartOf":{"@id":"https:\/\/www.andex-rhp.org\/?p=4140"},"author":{"name":"andex","@id":"https:\/\/www.andex-rhp.org\/#\/schema\/person\/502e4f38fe30f00d8b101cd988a956fb"},"headline":"Conectando el Futuro: JovenANDEX, Nueva Red para la Colaboraci\u00f3n y el Desarrollo de J\u00f3venes Investigadores del Programa ANDEX","datePublished":"2024-10-11T14:04:22+00:00","dateModified":"2024-10-11T14:04:24+00:00","mainEntityOfPage":{"@id":"https:\/\/www.andex-rhp.org\/?p=4140"},"wordCount":638,"commentCount":0,"publisher":{"@id":"https:\/\/www.andex-rhp.org\/#organization"},"image":{"@id":"https:\/\/www.andex-rhp.org\/?p=4140#primaryimage"},"thumbnailUrl":"https:\/\/www.andex-rhp.org\/wp-content\/uploads\/2024\/10\/DSC_0402-2.jpg","keywords":["Investigadores","JovenAndex","J\u00f3venes","Red Joven"],"articleSection":["Lecturas"],"inLanguage":"en-US","potentialAction":[{"@type":"CommentAction","name":"Comment","target":["https:\/\/www.andex-rhp.org\/?p=4140#respond"]}]},{"@type":"WebPage","@id":"https:\/\/www.andex-rhp.org\/?p=4140","url":"https:\/\/www.andex-rhp.org\/?p=4140","name":"Conectando el Futuro: JovenANDEX, Nueva Red para la Colaboraci\u00f3n y el Desarrollo de J\u00f3venes Investigadores del Programa ANDEX - Programa Hidroclim\u00e1tico Regional para los Andes","isPartOf":{"@id":"https:\/\/www.andex-rhp.org\/#website"},"primaryImageOfPage":{"@id":"https:\/\/www.andex-rhp.org\/?p=4140#primaryimage"},"image":{"@id":"https:\/\/www.andex-rhp.org\/?p=4140#primaryimage"},"thumbnailUrl":"https:\/\/www.andex-rhp.org\/wp-content\/uploads\/2024\/10\/DSC_0402-2.jpg","datePublished":"2024-10-11T14:04:22+00:00","dateModified":"2024-10-11T14:04:24+00:00","breadcrumb":{"@id":"https:\/\/www.andex-rhp.org\/?p=4140#breadcrumb"},"inLanguage":"en-US","potentialAction":[{"@type":"ReadAction","target":["https:\/\/www.andex-rhp.org\/?p=4140"]}]},{"@type":"ImageObject","inLanguage":"en-US","@id":"https:\/\/www.andex-rhp.org\/?p=4140#primaryimage","url":"https:\/\/www.andex-rhp.org\/wp-content\/uploads\/2024\/10\/DSC_0402-2.jpg","contentUrl":"https:\/\/www.andex-rhp.org\/wp-content\/uploads\/2024\/10\/DSC_0402-2.jpg","width":1500,"height":1000,"caption":"JovenANDEX, Lima, Per\u00fa (2024) Cr\u00e9dito: Federico Pipitone"},{"@type":"BreadcrumbList","@id":"https:\/\/www.andex-rhp.org\/?p=4140#breadcrumb","itemListElement":[{"@type":"ListItem","position":1,"name":"Home","item":"https:\/\/www.andex-rhp.org\/"},{"@type":"ListItem","position":2,"name":"Conectando el Futuro: JovenANDEX, Nueva Red para la Colaboraci\u00f3n y el Desarrollo de J\u00f3venes Investigadores del Programa ANDEX"}]},{"@type":"WebSite","@id":"https:\/\/www.andex-rhp.org\/#website","url":"https:\/\/www.andex-rhp.org\/","name":"Programa Hidroclim\u00e1tico Regional para los Andes","description":"ANDEX","publisher":{"@id":"https:\/\/www.andex-rhp.org\/#organization"},"potentialAction":[{"@type":"SearchAction","target":{"@type":"EntryPoint","urlTemplate":"https:\/\/www.andex-rhp.org\/?s={search_term_string}"},"query-input":{"@type":"PropertyValueSpecification","valueRequired":true,"valueName":"search_term_string"}}],"inLanguage":"en-US"},{"@type":"Organization","@id":"https:\/\/www.andex-rhp.org\/#organization","name":"Programa Hidroclim\u00e1tico Regional para los Andes","url":"https:\/\/www.andex-rhp.org\/","logo":{"@type":"ImageObject","inLanguage":"en-US","@id":"https:\/\/www.andex-rhp.org\/#\/schema\/logo\/image\/","url":"https:\/\/www.andex-rhp.org\/wp-content\/uploads\/2024\/04\/cropped-cropped-logo_ANDEX_color_trans1.png","contentUrl":"https:\/\/www.andex-rhp.org\/wp-content\/uploads\/2024\/04\/cropped-cropped-logo_ANDEX_color_trans1.png","width":555,"height":444,"caption":"Programa Hidroclim\u00e1tico Regional para los Andes"},"image":{"@id":"https:\/\/www.andex-rhp.org\/#\/schema\/logo\/image\/"}},{"@type":"Person","@id":"https:\/\/www.andex-rhp.org\/#\/schema\/person\/502e4f38fe30f00d8b101cd988a956fb","name":"andex","image":{"@type":"ImageObject","inLanguage":"en-US","@id":"https:\/\/www.andex-rhp.org\/#\/schema\/person\/image\/","url":"https:\/\/secure.gravatar.com\/avatar\/23494ed4720f39176481de38bcdec2a13011e1321adeb3faa91d0e623a2a8587?s=96&d=mm&r=g","contentUrl":"https:\/\/secure.gravatar.com\/avatar\/23494ed4720f39176481de38bcdec2a13011e1321adeb3faa91d0e623a2a8587?s=96&d=mm&r=g","caption":"andex"},"url":"https:\/\/www.andex-rhp.org\/?author=2"}]}},"_links":{"self":[{"href":"https:\/\/www.andex-rhp.org\/index.php?rest_route=\/wp\/v2\/posts\/4140","targetHints":{"allow":["GET"]}}],"collection":[{"href":"https:\/\/www.andex-rhp.org\/index.php?rest_route=\/wp\/v2\/posts"}],"about":[{"href":"https:\/\/www.andex-rhp.org\/index.php?rest_route=\/wp\/v2\/types\/post"}],"author":[{"embeddable":true,"href":"https:\/\/www.andex-rhp.org\/index.php?rest_route=\/wp\/v2\/users\/2"}],"replies":[{"embeddable":true,"href":"https:\/\/www.andex-rhp.org\/index.php?rest_route=%2Fwp%2Fv2%2Fcomments&post=4140"}],"version-history":[{"count":5,"href":"https:\/\/www.andex-rhp.org\/index.php?rest_route=\/wp\/v2\/posts\/4140\/revisions"}],"predecessor-version":[{"id":4168,"href":"https:\/\/www.andex-rhp.org\/index.php?rest_route=\/wp\/v2\/posts\/4140\/revisions\/4168"}],"wp:featuredmedia":[{"embeddable":true,"href":"https:\/\/www.andex-rhp.org\/index.php?rest_route=\/wp\/v2\/media\/4143"}],"wp:attachment":[{"href":"https:\/\/www.andex-rhp.org\/index.php?rest_route=%2Fwp%2Fv2%2Fmedia&parent=4140"}],"wp:term":[{"taxonomy":"category","embeddable":true,"href":"https:\/\/www.andex-rhp.org\/index.php?rest_route=%2Fwp%2Fv2%2Fcategories&post=4140"},{"taxonomy":"post_tag","embeddable":true,"href":"https:\/\/www.andex-rhp.org\/index.php?rest_route=%2Fwp%2Fv2%2Ftags&post=4140"}],"curies":[{"name":"wp","href":"https:\/\/api.w.org\/{rel}","templated":true}]}}