{"id":3829,"date":"2024-05-19T19:38:17","date_gmt":"2024-05-19T19:38:17","guid":{"rendered":"https:\/\/andex.cr2.cl\/?p=3829"},"modified":"2024-10-09T20:42:26","modified_gmt":"2024-10-09T20:42:26","slug":"peru-sera-sede-de-la-reunion-andex-2024","status":"publish","type":"post","link":"https:\/\/www.andex-rhp.org\/?p=3829","title":{"rendered":"Per\u00fa ser\u00e1 sede de la Reuni\u00f3n ANDEX 2024"},"content":{"rendered":"\n<h5 class=\"wp-block-heading\">Por ANDEX \/<\/h5>\n\n\n\n<p>Desde su encuentro fundacional en Colombia en 2017, ANDEX ha celebrado sus reuniones en Ecuador, Argentina y Chile. Este a\u00f1o, Per\u00fa ser\u00e1 sede de la Reuni\u00f3n Anual que reunir\u00e1 a los y las integrantes del Comit\u00e9 Cient\u00edfico, as\u00ed como a responsables y colaboradores\/as de proyectos. <\/p>\n\n\n\n<p>Entre el 26 y el 29 de mayo las actividades tendr\u00e1n lugar en Lima y se centrar\u00e1n en los avances del Plan Cient\u00edfico y de Implementaci\u00f3n de ANDEX, y en el proceso de consolidaci\u00f3n de su red cient\u00edfico-acad\u00e9mica y de vinculaci\u00f3n con actores estrat\u00e9gicos. Asimismo, del 27 al 31 de mayo se desarrollar\u00e1 en la capital peruana la Reuni\u00f3n 45 del Comit\u00e9 Cient\u00edfico Conjunto del World Climate Research Programme -WCRP-, lo que resulta en una ocasi\u00f3n \u00fanica para el trabajo conjunto y la articulaci\u00f3n intra e interinstitucional.<\/p>\n\n\n\n<p>Adem\u00e1s, y por primera vez desde la creaci\u00f3n de ANDEX, se ha programado una serie de actividades descentralizadas de formaci\u00f3n, complementarias a la reuni\u00f3n. As\u00ed, entre el 30 de mayo y el 01 de junio, se celebrar\u00e1 en Cusco un Taller sobre interdisciplina y transdisciplina coorganizado con el Institut de Recherche pour le D\u00e9veloppement (IRD, Francia).<\/p>\n\n\n\n<p>Paralelamente, se realizar\u00e1 en Huaraz un taller de glaciolog\u00eda organizado conjuntamente con el Instituto Nacional de Investigaci\u00f3n en Glaciares y Ecosistemas de Monta\u00f1a (INAIGEM, Per\u00fa). La tercera actividad simult\u00e1nea es un seminario-taller organizado con el Instituto de Geolog\u00eda del Per\u00fa (IGP) que abordar\u00e1 los procesos f\u00edsicos atmosf\u00e9ricos en zonas de monta\u00f1a y tendr\u00e1 lugar en Huancayo.<\/p>\n\n\n\n<p><strong>Programa de la Reuni\u00f3n Anual ANDEX 2024 en espa\u00f1ol <a href=\"https:\/\/www.andex-rhp.org\/wp-content\/uploads\/2024\/05\/AGENDA_ReunionANDEX_es.pdf\">AQU\u00cd. <\/a><\/strong><\/p>\n\n\n\n<blockquote class=\"wp-block-quote is-layout-flow wp-block-quote-is-layout-flow\">\n<p>ANDEX agradece especialmente a la Universidad Cayetano Heredia (<a href=\"https:\/\/cayetano.edu.pe\/sobre-cayetano\/sedes\/sede-miraflores\/\" target=\"_blank\" rel=\"noreferrer noopener\">UPCH<\/a>) por acoger la reuni\u00f3n anual del programa, as\u00ed como a la representaci\u00f3n Per\u00fa del Institut de Recherche pour le D\u00e9veloppement (<a href=\"https:\/\/peru.ird.fr\/\" target=\"_blank\" rel=\"noreferrer noopener\">IRD, Francia<\/a>), el Instituto Geof\u00edsico del Per\u00fa (<a href=\"https:\/\/www.gob.pe\/institucion\/igp\/institucional\" target=\"_blank\" rel=\"noreferrer noopener\">IGP<\/a>) y el Instituto Nacional de Investigaci\u00f3n en Glaciares y Ecosistemas de Monta\u00f1a (<a href=\"https:\/\/www.gob.pe\/institucion\/inaigem\/institucional\" target=\"_blank\" rel=\"noreferrer noopener\">INAIGEM<\/a>) por la organizaci\u00f3n local de las actividades. <\/p>\n<\/blockquote>\n\n\n\n<blockquote class=\"wp-block-quote is-layout-flow wp-block-quote-is-layout-flow\">\n<p>El evento cuenta con el patrocinio del IRD, el Programa Global Energy and Water Exchanges (<a href=\"https:\/\/www.gewex.org\/\" target=\"_blank\" rel=\"noreferrer noopener\">GEWEX<\/a>) y el Instituto Interamericano para la Investigaci\u00f3n del Cambio Global (<a href=\"https:\/\/www.iai.int\/es\/\" target=\"_blank\" rel=\"noreferrer noopener\">IAI<\/a>) y de la Delegaci\u00f3n Regional de Cooperaci\u00f3n para Am\u00e9rica del Sur del Ministerio de Asuntos Exteriores de Francia.<\/p>\n<\/blockquote>\n\n\n\n<p>Para acceder a la colecci\u00f3n de p\u00f3steres presentada en esta sesi\u00f3n, da click <a href=\"https:\/\/drive.google.com\/drive\/folders\/19XVWz3FZkYJuVYVOyAoLlS7-4D6S9LEQ?usp=sharing\">aqu\u00ed.<\/a><\/p>\n","protected":false},"excerpt":{"rendered":"<p>Por ANDEX \/ Desde su encuentro fundacional en Colombia en 2017, ANDEX ha celebrado sus reuniones en Ecuador, Argentina y Chile. Este a\u00f1o, Per\u00fa ser\u00e1 sede de la Reuni\u00f3n Anual que reunir\u00e1 a los y las integrantes del Comit\u00e9 Cient\u00edfico, as\u00ed como a responsables y colaboradores\/as de proyectos. Entre el 26 y el 29 de [&hellip;]<\/p>\n","protected":false},"author":2,"featured_media":2251,"comment_status":"open","ping_status":"open","sticky":false,"template":"","format":"standard","meta":{"ocean_post_layout":"","ocean_both_sidebars_style":"","ocean_both_sidebars_content_width":0,"ocean_both_sidebars_sidebars_width":0,"ocean_sidebar":"","ocean_second_sidebar":"","ocean_disable_margins":"enable","ocean_add_body_class":"","ocean_shortcode_before_top_bar":"","ocean_shortcode_after_top_bar":"","ocean_shortcode_before_header":"","ocean_shortcode_after_header":"","ocean_has_shortcode":"","ocean_shortcode_after_title":"","ocean_shortcode_before_footer_widgets":"","ocean_shortcode_after_footer_widgets":"","ocean_shortcode_before_footer_bottom":"","ocean_shortcode_after_footer_bottom":"","ocean_display_top_bar":"default","ocean_display_header":"default","ocean_header_style":"","ocean_center_header_left_menu":"","ocean_custom_header_template":"","ocean_custom_logo":0,"ocean_custom_retina_logo":0,"ocean_custom_logo_max_width":0,"ocean_custom_logo_tablet_max_width":0,"ocean_custom_logo_mobile_max_width":0,"ocean_custom_logo_max_height":0,"ocean_custom_logo_tablet_max_height":0,"ocean_custom_logo_mobile_max_height":0,"ocean_header_custom_menu":"","ocean_menu_typo_font_family":"","ocean_menu_typo_font_subset":"","ocean_menu_typo_font_size":0,"ocean_menu_typo_font_size_tablet":0,"ocean_menu_typo_font_size_mobile":0,"ocean_menu_typo_font_size_unit":"px","ocean_menu_typo_font_weight":"","ocean_menu_typo_font_weight_tablet":"","ocean_menu_typo_font_weight_mobile":"","ocean_menu_typo_transform":"","ocean_menu_typo_transform_tablet":"","ocean_menu_typo_transform_mobile":"","ocean_menu_typo_line_height":0,"ocean_menu_typo_line_height_tablet":0,"ocean_menu_typo_line_height_mobile":0,"ocean_menu_typo_line_height_unit":"","ocean_menu_typo_spacing":0,"ocean_menu_typo_spacing_tablet":0,"ocean_menu_typo_spacing_mobile":0,"ocean_menu_typo_spacing_unit":"","ocean_menu_link_color":"","ocean_menu_link_color_hover":"","ocean_menu_link_color_active":"","ocean_menu_link_background":"","ocean_menu_link_hover_background":"","ocean_menu_link_active_background":"","ocean_menu_social_links_bg":"","ocean_menu_social_hover_links_bg":"","ocean_menu_social_links_color":"","ocean_menu_social_hover_links_color":"","ocean_disable_title":"default","ocean_disable_heading":"default","ocean_post_title":"","ocean_post_subheading":"","ocean_post_title_style":"","ocean_post_title_background_color":"","ocean_post_title_background":0,"ocean_post_title_bg_image_position":"","ocean_post_title_bg_image_attachment":"","ocean_post_title_bg_image_repeat":"","ocean_post_title_bg_image_size":"","ocean_post_title_height":0,"ocean_post_title_bg_overlay":0.5,"ocean_post_title_bg_overlay_color":"","ocean_disable_breadcrumbs":"default","ocean_breadcrumbs_color":"","ocean_breadcrumbs_separator_color":"","ocean_breadcrumbs_links_color":"","ocean_breadcrumbs_links_hover_color":"","ocean_display_footer_widgets":"default","ocean_display_footer_bottom":"default","ocean_custom_footer_template":"","ocean_post_oembed":"","ocean_post_self_hosted_media":"","ocean_post_video_embed":"","ocean_link_format":"","ocean_link_format_target":"self","ocean_quote_format":"","ocean_quote_format_link":"post","ocean_gallery_link_images":"on","ocean_gallery_id":[],"footnotes":""},"categories":[14],"tags":[27,12,28,30,20,19],"class_list":["post-3829","post","type-post","status-publish","format-standard","has-post-thumbnail","hentry","category-eventos","tag-cusco","tag-eventos","tag-huancayo","tag-huaraz","tag-peru","tag-reunion-anual-andex","entry","has-media"],"yoast_head":"<!-- This site is optimized with the Yoast SEO plugin v26.8 - https:\/\/yoast.com\/product\/yoast-seo-wordpress\/ -->\n<title>Per\u00fa ser\u00e1 sede de la Reuni\u00f3n ANDEX 2024 - Programa Hidroclim\u00e1tico Regional para los Andes<\/title>\n<meta name=\"robots\" content=\"index, follow, max-snippet:-1, max-image-preview:large, max-video-preview:-1\" \/>\n<link rel=\"canonical\" href=\"https:\/\/www.andex-rhp.org\/?p=3829\" \/>\n<meta property=\"og:locale\" content=\"en_US\" \/>\n<meta property=\"og:type\" content=\"article\" \/>\n<meta property=\"og:title\" content=\"Per\u00fa ser\u00e1 sede de la Reuni\u00f3n ANDEX 2024 - Programa Hidroclim\u00e1tico Regional para los Andes\" \/>\n<meta property=\"og:description\" content=\"Por ANDEX \/ Desde su encuentro fundacional en Colombia en 2017, ANDEX ha celebrado sus reuniones en Ecuador, Argentina y Chile. Este a\u00f1o, Per\u00fa ser\u00e1 sede de la Reuni\u00f3n Anual que reunir\u00e1 a los y las integrantes del Comit\u00e9 Cient\u00edfico, as\u00ed como a responsables y colaboradores\/as de proyectos. Entre el 26 y el 29 de [&hellip;]\" \/>\n<meta property=\"og:url\" content=\"https:\/\/www.andex-rhp.org\/?p=3829\" \/>\n<meta property=\"og:site_name\" content=\"Programa Hidroclim\u00e1tico Regional para los Andes\" \/>\n<meta property=\"article:published_time\" content=\"2024-05-19T19:38:17+00:00\" \/>\n<meta property=\"article:modified_time\" content=\"2024-10-09T20:42:26+00:00\" \/>\n<meta property=\"og:image\" content=\"https:\/\/www.andex-rhp.org\/wp-content\/uploads\/2024\/03\/INICIO_3-5.jpg\" \/>\n\t<meta property=\"og:image:width\" content=\"1224\" \/>\n\t<meta property=\"og:image:height\" content=\"816\" \/>\n\t<meta property=\"og:image:type\" content=\"image\/jpeg\" \/>\n<meta name=\"author\" content=\"andex\" \/>\n<meta name=\"twitter:card\" content=\"summary_large_image\" \/>\n<meta name=\"twitter:label1\" content=\"Written by\" \/>\n\t<meta name=\"twitter:data1\" content=\"andex\" \/>\n\t<meta name=\"twitter:label2\" content=\"Est. reading time\" \/>\n\t<meta name=\"twitter:data2\" content=\"2 minutes\" \/>\n<script type=\"application\/ld+json\" class=\"yoast-schema-graph\">{\"@context\":\"https:\/\/schema.org\",\"@graph\":[{\"@type\":\"Article\",\"@id\":\"https:\/\/www.andex-rhp.org\/?p=3829#article\",\"isPartOf\":{\"@id\":\"https:\/\/www.andex-rhp.org\/?p=3829\"},\"author\":{\"name\":\"andex\",\"@id\":\"https:\/\/www.andex-rhp.org\/#\/schema\/person\/502e4f38fe30f00d8b101cd988a956fb\"},\"headline\":\"Per\u00fa ser\u00e1 sede de la Reuni\u00f3n ANDEX 2024\",\"datePublished\":\"2024-05-19T19:38:17+00:00\",\"dateModified\":\"2024-10-09T20:42:26+00:00\",\"mainEntityOfPage\":{\"@id\":\"https:\/\/www.andex-rhp.org\/?p=3829\"},\"wordCount\":417,\"commentCount\":0,\"publisher\":{\"@id\":\"https:\/\/www.andex-rhp.org\/#organization\"},\"image\":{\"@id\":\"https:\/\/www.andex-rhp.org\/?p=3829#primaryimage\"},\"thumbnailUrl\":\"https:\/\/www.andex-rhp.org\/wp-content\/uploads\/2024\/03\/INICIO_3-5.jpg\",\"keywords\":[\"Cusco\",\"Eventos\",\"Huancayo\",\"Huaraz\",\"Per\u00fa\",\"Reuni\u00f3n Anual ANDEX\"],\"articleSection\":[\"Eventos\"],\"inLanguage\":\"en-US\",\"potentialAction\":[{\"@type\":\"CommentAction\",\"name\":\"Comment\",\"target\":[\"https:\/\/www.andex-rhp.org\/?p=3829#respond\"]}]},{\"@type\":\"WebPage\",\"@id\":\"https:\/\/www.andex-rhp.org\/?p=3829\",\"url\":\"https:\/\/www.andex-rhp.org\/?p=3829\",\"name\":\"Per\u00fa ser\u00e1 sede de la Reuni\u00f3n ANDEX 2024 - Programa Hidroclim\u00e1tico Regional para los Andes\",\"isPartOf\":{\"@id\":\"https:\/\/www.andex-rhp.org\/#website\"},\"primaryImageOfPage\":{\"@id\":\"https:\/\/www.andex-rhp.org\/?p=3829#primaryimage\"},\"image\":{\"@id\":\"https:\/\/www.andex-rhp.org\/?p=3829#primaryimage\"},\"thumbnailUrl\":\"https:\/\/www.andex-rhp.org\/wp-content\/uploads\/2024\/03\/INICIO_3-5.jpg\",\"datePublished\":\"2024-05-19T19:38:17+00:00\",\"dateModified\":\"2024-10-09T20:42:26+00:00\",\"breadcrumb\":{\"@id\":\"https:\/\/www.andex-rhp.org\/?p=3829#breadcrumb\"},\"inLanguage\":\"en-US\",\"potentialAction\":[{\"@type\":\"ReadAction\",\"target\":[\"https:\/\/www.andex-rhp.org\/?p=3829\"]}]},{\"@type\":\"ImageObject\",\"inLanguage\":\"en-US\",\"@id\":\"https:\/\/www.andex-rhp.org\/?p=3829#primaryimage\",\"url\":\"https:\/\/www.andex-rhp.org\/wp-content\/uploads\/2024\/03\/INICIO_3-5.jpg\",\"contentUrl\":\"https:\/\/www.andex-rhp.org\/wp-content\/uploads\/2024\/03\/INICIO_3-5.jpg\",\"width\":1224,\"height\":816,\"caption\":\"Lima, Per\u00fa. Licencia Pixabay.\"},{\"@type\":\"BreadcrumbList\",\"@id\":\"https:\/\/www.andex-rhp.org\/?p=3829#breadcrumb\",\"itemListElement\":[{\"@type\":\"ListItem\",\"position\":1,\"name\":\"Home\",\"item\":\"https:\/\/www.andex-rhp.org\/\"},{\"@type\":\"ListItem\",\"position\":2,\"name\":\"Per\u00fa ser\u00e1 sede de la Reuni\u00f3n ANDEX 2024\"}]},{\"@type\":\"WebSite\",\"@id\":\"https:\/\/www.andex-rhp.org\/#website\",\"url\":\"https:\/\/www.andex-rhp.org\/\",\"name\":\"Programa Hidroclim\u00e1tico Regional para los Andes\",\"description\":\"ANDEX\",\"publisher\":{\"@id\":\"https:\/\/www.andex-rhp.org\/#organization\"},\"potentialAction\":[{\"@type\":\"SearchAction\",\"target\":{\"@type\":\"EntryPoint\",\"urlTemplate\":\"https:\/\/www.andex-rhp.org\/?s={search_term_string}\"},\"query-input\":{\"@type\":\"PropertyValueSpecification\",\"valueRequired\":true,\"valueName\":\"search_term_string\"}}],\"inLanguage\":\"en-US\"},{\"@type\":\"Organization\",\"@id\":\"https:\/\/www.andex-rhp.org\/#organization\",\"name\":\"Programa Hidroclim\u00e1tico Regional para los Andes\",\"url\":\"https:\/\/www.andex-rhp.org\/\",\"logo\":{\"@type\":\"ImageObject\",\"inLanguage\":\"en-US\",\"@id\":\"https:\/\/www.andex-rhp.org\/#\/schema\/logo\/image\/\",\"url\":\"https:\/\/www.andex-rhp.org\/wp-content\/uploads\/2024\/04\/cropped-cropped-logo_ANDEX_color_trans1.png\",\"contentUrl\":\"https:\/\/www.andex-rhp.org\/wp-content\/uploads\/2024\/04\/cropped-cropped-logo_ANDEX_color_trans1.png\",\"width\":555,\"height\":444,\"caption\":\"Programa Hidroclim\u00e1tico Regional para los Andes\"},\"image\":{\"@id\":\"https:\/\/www.andex-rhp.org\/#\/schema\/logo\/image\/\"}},{\"@type\":\"Person\",\"@id\":\"https:\/\/www.andex-rhp.org\/#\/schema\/person\/502e4f38fe30f00d8b101cd988a956fb\",\"name\":\"andex\",\"image\":{\"@type\":\"ImageObject\",\"inLanguage\":\"en-US\",\"@id\":\"https:\/\/www.andex-rhp.org\/#\/schema\/person\/image\/\",\"url\":\"https:\/\/secure.gravatar.com\/avatar\/23494ed4720f39176481de38bcdec2a13011e1321adeb3faa91d0e623a2a8587?s=96&d=mm&r=g\",\"contentUrl\":\"https:\/\/secure.gravatar.com\/avatar\/23494ed4720f39176481de38bcdec2a13011e1321adeb3faa91d0e623a2a8587?s=96&d=mm&r=g\",\"caption\":\"andex\"},\"url\":\"https:\/\/www.andex-rhp.org\/?author=2\"}]}<\/script>\n<!-- \/ Yoast SEO plugin. -->","yoast_head_json":{"title":"Per\u00fa ser\u00e1 sede de la Reuni\u00f3n ANDEX 2024 - Programa Hidroclim\u00e1tico Regional para los Andes","robots":{"index":"index","follow":"follow","max-snippet":"max-snippet:-1","max-image-preview":"max-image-preview:large","max-video-preview":"max-video-preview:-1"},"canonical":"https:\/\/www.andex-rhp.org\/?p=3829","og_locale":"en_US","og_type":"article","og_title":"Per\u00fa ser\u00e1 sede de la Reuni\u00f3n ANDEX 2024 - Programa Hidroclim\u00e1tico Regional para los Andes","og_description":"Por ANDEX \/ Desde su encuentro fundacional en Colombia en 2017, ANDEX ha celebrado sus reuniones en Ecuador, Argentina y Chile. Este a\u00f1o, Per\u00fa ser\u00e1 sede de la Reuni\u00f3n Anual que reunir\u00e1 a los y las integrantes del Comit\u00e9 Cient\u00edfico, as\u00ed como a responsables y colaboradores\/as de proyectos. Entre el 26 y el 29 de [&hellip;]","og_url":"https:\/\/www.andex-rhp.org\/?p=3829","og_site_name":"Programa Hidroclim\u00e1tico Regional para los Andes","article_published_time":"2024-05-19T19:38:17+00:00","article_modified_time":"2024-10-09T20:42:26+00:00","og_image":[{"width":1224,"height":816,"url":"https:\/\/www.andex-rhp.org\/wp-content\/uploads\/2024\/03\/INICIO_3-5.jpg","type":"image\/jpeg"}],"author":"andex","twitter_card":"summary_large_image","twitter_misc":{"Written by":"andex","Est. reading time":"2 minutes"},"schema":{"@context":"https:\/\/schema.org","@graph":[{"@type":"Article","@id":"https:\/\/www.andex-rhp.org\/?p=3829#article","isPartOf":{"@id":"https:\/\/www.andex-rhp.org\/?p=3829"},"author":{"name":"andex","@id":"https:\/\/www.andex-rhp.org\/#\/schema\/person\/502e4f38fe30f00d8b101cd988a956fb"},"headline":"Per\u00fa ser\u00e1 sede de la Reuni\u00f3n ANDEX 2024","datePublished":"2024-05-19T19:38:17+00:00","dateModified":"2024-10-09T20:42:26+00:00","mainEntityOfPage":{"@id":"https:\/\/www.andex-rhp.org\/?p=3829"},"wordCount":417,"commentCount":0,"publisher":{"@id":"https:\/\/www.andex-rhp.org\/#organization"},"image":{"@id":"https:\/\/www.andex-rhp.org\/?p=3829#primaryimage"},"thumbnailUrl":"https:\/\/www.andex-rhp.org\/wp-content\/uploads\/2024\/03\/INICIO_3-5.jpg","keywords":["Cusco","Eventos","Huancayo","Huaraz","Per\u00fa","Reuni\u00f3n Anual ANDEX"],"articleSection":["Eventos"],"inLanguage":"en-US","potentialAction":[{"@type":"CommentAction","name":"Comment","target":["https:\/\/www.andex-rhp.org\/?p=3829#respond"]}]},{"@type":"WebPage","@id":"https:\/\/www.andex-rhp.org\/?p=3829","url":"https:\/\/www.andex-rhp.org\/?p=3829","name":"Per\u00fa ser\u00e1 sede de la Reuni\u00f3n ANDEX 2024 - Programa Hidroclim\u00e1tico Regional para los Andes","isPartOf":{"@id":"https:\/\/www.andex-rhp.org\/#website"},"primaryImageOfPage":{"@id":"https:\/\/www.andex-rhp.org\/?p=3829#primaryimage"},"image":{"@id":"https:\/\/www.andex-rhp.org\/?p=3829#primaryimage"},"thumbnailUrl":"https:\/\/www.andex-rhp.org\/wp-content\/uploads\/2024\/03\/INICIO_3-5.jpg","datePublished":"2024-05-19T19:38:17+00:00","dateModified":"2024-10-09T20:42:26+00:00","breadcrumb":{"@id":"https:\/\/www.andex-rhp.org\/?p=3829#breadcrumb"},"inLanguage":"en-US","potentialAction":[{"@type":"ReadAction","target":["https:\/\/www.andex-rhp.org\/?p=3829"]}]},{"@type":"ImageObject","inLanguage":"en-US","@id":"https:\/\/www.andex-rhp.org\/?p=3829#primaryimage","url":"https:\/\/www.andex-rhp.org\/wp-content\/uploads\/2024\/03\/INICIO_3-5.jpg","contentUrl":"https:\/\/www.andex-rhp.org\/wp-content\/uploads\/2024\/03\/INICIO_3-5.jpg","width":1224,"height":816,"caption":"Lima, Per\u00fa. Licencia Pixabay."},{"@type":"BreadcrumbList","@id":"https:\/\/www.andex-rhp.org\/?p=3829#breadcrumb","itemListElement":[{"@type":"ListItem","position":1,"name":"Home","item":"https:\/\/www.andex-rhp.org\/"},{"@type":"ListItem","position":2,"name":"Per\u00fa ser\u00e1 sede de la Reuni\u00f3n ANDEX 2024"}]},{"@type":"WebSite","@id":"https:\/\/www.andex-rhp.org\/#website","url":"https:\/\/www.andex-rhp.org\/","name":"Programa Hidroclim\u00e1tico Regional para los Andes","description":"ANDEX","publisher":{"@id":"https:\/\/www.andex-rhp.org\/#organization"},"potentialAction":[{"@type":"SearchAction","target":{"@type":"EntryPoint","urlTemplate":"https:\/\/www.andex-rhp.org\/?s={search_term_string}"},"query-input":{"@type":"PropertyValueSpecification","valueRequired":true,"valueName":"search_term_string"}}],"inLanguage":"en-US"},{"@type":"Organization","@id":"https:\/\/www.andex-rhp.org\/#organization","name":"Programa Hidroclim\u00e1tico Regional para los Andes","url":"https:\/\/www.andex-rhp.org\/","logo":{"@type":"ImageObject","inLanguage":"en-US","@id":"https:\/\/www.andex-rhp.org\/#\/schema\/logo\/image\/","url":"https:\/\/www.andex-rhp.org\/wp-content\/uploads\/2024\/04\/cropped-cropped-logo_ANDEX_color_trans1.png","contentUrl":"https:\/\/www.andex-rhp.org\/wp-content\/uploads\/2024\/04\/cropped-cropped-logo_ANDEX_color_trans1.png","width":555,"height":444,"caption":"Programa Hidroclim\u00e1tico Regional para los Andes"},"image":{"@id":"https:\/\/www.andex-rhp.org\/#\/schema\/logo\/image\/"}},{"@type":"Person","@id":"https:\/\/www.andex-rhp.org\/#\/schema\/person\/502e4f38fe30f00d8b101cd988a956fb","name":"andex","image":{"@type":"ImageObject","inLanguage":"en-US","@id":"https:\/\/www.andex-rhp.org\/#\/schema\/person\/image\/","url":"https:\/\/secure.gravatar.com\/avatar\/23494ed4720f39176481de38bcdec2a13011e1321adeb3faa91d0e623a2a8587?s=96&d=mm&r=g","contentUrl":"https:\/\/secure.gravatar.com\/avatar\/23494ed4720f39176481de38bcdec2a13011e1321adeb3faa91d0e623a2a8587?s=96&d=mm&r=g","caption":"andex"},"url":"https:\/\/www.andex-rhp.org\/?author=2"}]}},"_links":{"self":[{"href":"https:\/\/www.andex-rhp.org\/index.php?rest_route=\/wp\/v2\/posts\/3829","targetHints":{"allow":["GET"]}}],"collection":[{"href":"https:\/\/www.andex-rhp.org\/index.php?rest_route=\/wp\/v2\/posts"}],"about":[{"href":"https:\/\/www.andex-rhp.org\/index.php?rest_route=\/wp\/v2\/types\/post"}],"author":[{"embeddable":true,"href":"https:\/\/www.andex-rhp.org\/index.php?rest_route=\/wp\/v2\/users\/2"}],"replies":[{"embeddable":true,"href":"https:\/\/www.andex-rhp.org\/index.php?rest_route=%2Fwp%2Fv2%2Fcomments&post=3829"}],"version-history":[{"count":17,"href":"https:\/\/www.andex-rhp.org\/index.php?rest_route=\/wp\/v2\/posts\/3829\/revisions"}],"predecessor-version":[{"id":4162,"href":"https:\/\/www.andex-rhp.org\/index.php?rest_route=\/wp\/v2\/posts\/3829\/revisions\/4162"}],"wp:featuredmedia":[{"embeddable":true,"href":"https:\/\/www.andex-rhp.org\/index.php?rest_route=\/wp\/v2\/media\/2251"}],"wp:attachment":[{"href":"https:\/\/www.andex-rhp.org\/index.php?rest_route=%2Fwp%2Fv2%2Fmedia&parent=3829"}],"wp:term":[{"taxonomy":"category","embeddable":true,"href":"https:\/\/www.andex-rhp.org\/index.php?rest_route=%2Fwp%2Fv2%2Fcategories&post=3829"},{"taxonomy":"post_tag","embeddable":true,"href":"https:\/\/www.andex-rhp.org\/index.php?rest_route=%2Fwp%2Fv2%2Ftags&post=3829"}],"curies":[{"name":"wp","href":"https:\/\/api.w.org\/{rel}","templated":true}]}}